{"id":1099,"date":"2025-09-15T21:49:16","date_gmt":"2025-09-15T19:49:16","guid":{"rendered":"https:\/\/aloumim.com\/?p=1099"},"modified":"2025-11-05T20:41:38","modified_gmt":"2025-11-05T19:41:38","slug":"malka-keller-alors-les-petites-juives-ou-courez-vous-comme-ca","status":"publish","type":"post","link":"https:\/\/aloumim.com\/index.php\/2025\/09\/15\/malka-keller-alors-les-petites-juives-ou-courez-vous-comme-ca\/","title":{"rendered":"Malka Keller &#8211; Alors les petites juives, ou courez-vous comme \u00e7a?"},"content":{"rendered":"\n<p>Ma m\u00e8re a \u00e9t\u00e9 arr\u00eat\u00e9e le 16 juin 1942, un mois avant la grande rafle du Vel\u2019 d\u2019Hiv\u2019.<br>Et, c\u2019est \u00e9trange \u00e0 dire, c\u2019est sans doute ce qui m\u2019a sauv\u00e9 la vie.<br>Car le 16 juillet, la police n\u2019a trouv\u00e9 qu\u2019un appartement vide\u2026<\/p>\n\n\n\n<p>Mais moi, petite fille de neuf ans et demi, j\u2019avais d\u00e9j\u00e0 fait connaissance avec la police au mois de mai.<br>Nous habitions dans le 12\u00e8me arrondissement, un grand immeuble qui abritait beaucoup de familles juives.<br>J\u2019allais \u00e0 l\u2019\u00e9cole du quartier, ainsi que mes deux soeurs, des jumelles de quatre ans mes a\u00een\u00e9es.<\/p>\n\n\n\n<p>Ce jour-l\u00e0, la directrice avait demand\u00e9 aux \u00e9l\u00e8ves de qu\u00eater pour les prisonniers de guerre aux terrasses des caf\u00e9s des Grands Boulevards \u2013 cela se faisait beaucoup \u00e0 cette \u00e9poque -.<br>Nous \u00e9tions munies d\u2019un tronc, que les gens remplissaient g\u00e9n\u00e9reusement, et, en \u00e9change, nous \u00e9pinglions un insigne sur leurs cols.<\/p>\n\n\n\n<p>Nous \u00e9tions tout un petit groupe portant l\u2019\u00e9toile jaune : ma soeur Myriam qui, du haut de ses quatorze ans \u00e9tait la responsable, les deux filles Glassvand, nos voisines, encore quelques enfants dont j\u2019ai oubli\u00e9 le nom, et moi.<br>En vertu des lois de Vichy, il nous \u00e9tait interdit de nous trouver dans la rue apr\u00e8s huit heures du soir.<br>Mais \u00e0 Paris, au printemps, il faisait encore jour \u00e0 ce moment- l\u00e0, et nous avons laiss\u00e9 passer l\u2019heure.<br>Quand nous nous en sommes aper\u00e7ues, nous nous sommes mises \u00e0 courir vers le m\u00e9tro.<\/p>\n\n\n\n<p>Soudain, un inspecteur en civil nous a h\u00e9l\u00e9es : \u00ab\u00a0Alors, les petites Juives, o\u00f9 courez-vous comme \u00e7a ?\u00a0\u00bb<br>Il nous a emmen\u00e9es au commissariat de Montmartre, je crois.<br>Malgr\u00e9 nos pleurs, on ne nous a pas rel\u00e2ch\u00e9es, et nous avons pass\u00e9 la nuit au d\u00e9p\u00f4t, couch\u00e9es sur des paillasses.<br>Nos p\u00e8res devaient se pr\u00e9senter le lendemain matin pour nous r\u00e9cup\u00e9rer.<\/p>\n\n\n\n<p>Mon p\u00e8re, qui se cachait d\u00e9j\u00e0, n\u2019est pas venu.<br>M. Glassvand non plus, il \u00e9tait d\u00e9j\u00e0 intern\u00e9.<br>Ce sont nos grandes soeurs qui ont pu nous faire sortir.<br>Les autres p\u00e8res se sont pr\u00e9sent\u00e9s, ont \u00e9t\u00e9 aussit\u00f4t arr\u00eat\u00e9s et envoy\u00e9s dans des camps.<\/p>\n\n\n\n<p>Nous sommes retourn\u00e9es \u00e0 l\u2019\u00e9cole, et peu \u00e0 peu, nous avons commenc\u00e9 \u00e0 oublier.<br>Le r\u00e9pit fut de courte dur\u00e9e.<\/p>\n\n\n\n<p>Le 16 juin, des policiers fran\u00e7ais ont frapp\u00e9 \u00e0 notre porte, ils ont arr\u00eat\u00e9 ma m\u00e8re et mon petit fr\u00e8re de trois ans.<br>Ils ont \u00e9galement arr\u00eat\u00e9 Mme Glassvand.<br>Puis ils se sont rendus \u00e0 l\u2019\u00e9cole.<br>Ils nous ont fait monter, mes deux soeurs jumelles et moi, les filles Glassvand, d\u2019autres enfants encore, dans un car de police, o\u00f9 j\u2019ai retrouv\u00e9 mon petit fr\u00e8re.<\/p>\n\n\n\n<p>Ils nous ont conduits rue Lamarck, \u00e0 cet asile de nuit qui allait devenir un centre pour enfants sans parents.<br>Il y avait l\u00e0 une doctoresse qui a donn\u00e9 des cachets \u00e0 mon petit fr\u00e8re, parce qu\u2019il pleurait sans cesse.<br>J\u2019avais peur qu\u2019elle veuille le faire mourir, j\u2019ai compris plus tard qu\u2019elle voulait seulement l\u2019aider.<\/p>\n\n\n\n<p>Ensuite, mes souvenirs se brouillent.<br>Je me rappelle seulement \u00eatre all\u00e9e deux ou trois fois rendre visite \u00e0 ma m\u00e8re, alors intern\u00e9e dans un centre \u00e0 la Porte des Lilas.<br>Puis, elle fut transf\u00e9r\u00e9e \u00e0 Drancy, et d\u00e9port\u00e9e.<br>Je ne connais m\u00eame pas le num\u00e9ro du convoi.<br>Je sais juste que c\u2019\u00e9tait un des premiers.<br>Je ne l\u2019ai jamais revue.<\/p>\n\n\n\n<p>Mon grand fr\u00e8re, apr\u00e8s s\u2019\u00eatre \u00e9vad\u00e9 du camp de Beaune-la-Rolande, avait r\u00e9ussi \u00e0 faire passer en zone libre mon p\u00e8re, ma soeur a\u00een\u00e9e et mon petit fr\u00e8re de trois ans.<br>Les jumelles et moi, nous sommes rest\u00e9es \u00e0 Lamarck jusqu\u2019en f\u00e9vrier 1943, o\u00f9 les Allemands sont venus, des listes de noms en main, arr\u00eater plusieurs dizaines d\u2019enfants.<br>Certains ont r\u00e9ussi \u00e0 se cacher dans des placards.<br>Quant \u00e0 nous, j\u2019ignore comment nous avons \u00e9chapp\u00e9 \u00e0 la rafle, toujours est-il qu\u2019ensuite nous avons \u00e9t\u00e9 cach\u00e9es chez diverses personnes.<\/p>\n\n\n\n<p>Je me souviens seulement que nous avons pass\u00e9 quelques mois \u00e0 Bullions par Bonnelles, dans la Ni\u00e8vre je crois, chez un couple \u00e2g\u00e9.<br>Nous n\u2019avions pour v\u00eatements que ce que nous avions sur le dos, et nous marchions pieds nus, tenant \u00e0 la main nos sandales pour \u00e9viter de les user.<\/p>\n\n\n\n<p>Puis, je ne sais comment, nous sommes parvenues \u00e0 entrer en contact avec notre grand fr\u00e8re qui est venu nous chercher.<br>J\u2019ai \u00e9t\u00e9 cach\u00e9e seule, cette fois, en Savoie, chez des paysans qui m\u2019ont gard\u00e9e jusqu&rsquo;\u00e0 la lib\u00e9ration.<\/p>\n\n\n\n<p><\/p>\n\n\n\n<p><strong>Malka Keller<\/strong><br>D\u00e9cembre 1996 \/ Tevet 5757<\/p>\n","protected":false},"excerpt":{"rendered":"<p>Ma m\u00e8re a \u00e9t\u00e9 arr\u00eat\u00e9e le 16 juin 1942, un mois avant la grande rafle du Vel\u2019 d\u2019Hiv\u2019.Et, c\u2019est \u00e9trange \u00e0 dire, c\u2019est sans doute ce qui m\u2019a sauv\u00e9 la vie.Car le 16 juillet, la police n\u2019a trouv\u00e9 qu\u2019un appartement vide\u2026 Mais moi, petite fille de neuf ans et demi, j\u2019avais d\u00e9j\u00e0 fait connaissance avec [&hellip;]<\/p>\n","protected":false},"author":1,"featured_media":0,"comment_status":"closed","ping_status":"open","sticky":false,"template":"","format":"standard","meta":{"_et_pb_use_builder":"off","_et_pb_old_content":"","_et_gb_content_width":"1080","om_disable_all_campaigns":false,"_monsterinsights_skip_tracking":false,"_monsterinsights_sitenote_active":false,"_monsterinsights_sitenote_note":"","_monsterinsights_sitenote_category":0,"footnotes":""},"categories":[14,16],"tags":[],"class_list":["post-1099","post","type-post","status-publish","format-standard","hentry","category-histoire","category-temoignages"],"yoast_head":"<!-- This site is optimized with the Yoast SEO plugin v20.13 - https:\/\/yoast.com\/wordpress\/plugins\/seo\/ -->\n<title>Malka Keller - Alors les petites juives, ou courez-vous comme \u00e7a? - aloumim.com<\/title>\n<meta name=\"robots\" content=\"index, follow, max-snippet:-1, max-image-preview:large, max-video-preview:-1\" \/>\n<link rel=\"canonical\" href=\"https:\/\/aloumim.com\/index.php\/2025\/09\/15\/malka-keller-alors-les-petites-juives-ou-courez-vous-comme-ca\/\" \/>\n<meta property=\"og:locale\" content=\"fr_FR\" \/>\n<meta property=\"og:type\" content=\"article\" \/>\n<meta property=\"og:title\" content=\"Malka Keller - Alors les petites juives, ou courez-vous comme \u00e7a? - aloumim.com\" \/>\n<meta property=\"og:description\" content=\"Ma m\u00e8re a \u00e9t\u00e9 arr\u00eat\u00e9e le 16 juin 1942, un mois avant la grande rafle du Vel\u2019 d\u2019Hiv\u2019.Et, c\u2019est \u00e9trange \u00e0 dire, c\u2019est sans doute ce qui m\u2019a sauv\u00e9 la vie.Car le 16 juillet, la police n\u2019a trouv\u00e9 qu\u2019un appartement vide\u2026 Mais moi, petite fille de neuf ans et demi, j\u2019avais d\u00e9j\u00e0 fait connaissance avec [&hellip;]\" \/>\n<meta property=\"og:url\" content=\"https:\/\/aloumim.com\/index.php\/2025\/09\/15\/malka-keller-alors-les-petites-juives-ou-courez-vous-comme-ca\/\" \/>\n<meta property=\"og:site_name\" content=\"aloumim.com\" \/>\n<meta property=\"article:published_time\" content=\"2025-09-15T19:49:16+00:00\" \/>\n<meta property=\"article:modified_time\" content=\"2025-11-05T19:41:38+00:00\" \/>\n<meta name=\"author\" content=\"aloumim.com\" \/>\n<meta name=\"twitter:card\" content=\"summary_large_image\" \/>\n<meta name=\"twitter:label1\" content=\"\u00c9crit par\" \/>\n\t<meta name=\"twitter:data1\" content=\"aloumim.com\" \/>\n\t<meta name=\"twitter:label2\" content=\"Dur\u00e9e de lecture estim\u00e9e\" \/>\n\t<meta name=\"twitter:data2\" content=\"4 minutes\" \/>\n<script type=\"application\/ld+json\" class=\"yoast-schema-graph\">{\"@context\":\"https:\/\/schema.org\",\"@graph\":[{\"@type\":\"Article\",\"@id\":\"https:\/\/aloumim.com\/index.php\/2025\/09\/15\/malka-keller-alors-les-petites-juives-ou-courez-vous-comme-ca\/#article\",\"isPartOf\":{\"@id\":\"https:\/\/aloumim.com\/index.php\/2025\/09\/15\/malka-keller-alors-les-petites-juives-ou-courez-vous-comme-ca\/\"},\"author\":{\"name\":\"aloumim.com\",\"@id\":\"https:\/\/aloumim.com\/#\/schema\/person\/1e210bcaa48b45597528e561d137d67f\"},\"headline\":\"Malka Keller &#8211; Alors les petites juives, ou courez-vous comme \u00e7a?\",\"datePublished\":\"2025-09-15T19:49:16+00:00\",\"dateModified\":\"2025-11-05T19:41:38+00:00\",\"mainEntityOfPage\":{\"@id\":\"https:\/\/aloumim.com\/index.php\/2025\/09\/15\/malka-keller-alors-les-petites-juives-ou-courez-vous-comme-ca\/\"},\"wordCount\":808,\"publisher\":{\"@id\":\"https:\/\/aloumim.com\/#organization\"},\"articleSection\":[\"Histoire\",\"T\u00e9moignages\"],\"inLanguage\":\"fr-FR\"},{\"@type\":\"WebPage\",\"@id\":\"https:\/\/aloumim.com\/index.php\/2025\/09\/15\/malka-keller-alors-les-petites-juives-ou-courez-vous-comme-ca\/\",\"url\":\"https:\/\/aloumim.com\/index.php\/2025\/09\/15\/malka-keller-alors-les-petites-juives-ou-courez-vous-comme-ca\/\",\"name\":\"Malka Keller - Alors les petites juives, ou courez-vous comme \u00e7a? - aloumim.com\",\"isPartOf\":{\"@id\":\"https:\/\/aloumim.com\/#website\"},\"datePublished\":\"2025-09-15T19:49:16+00:00\",\"dateModified\":\"2025-11-05T19:41:38+00:00\",\"breadcrumb\":{\"@id\":\"https:\/\/aloumim.com\/index.php\/2025\/09\/15\/malka-keller-alors-les-petites-juives-ou-courez-vous-comme-ca\/#breadcrumb\"},\"inLanguage\":\"fr-FR\",\"potentialAction\":[{\"@type\":\"ReadAction\",\"target\":[\"https:\/\/aloumim.com\/index.php\/2025\/09\/15\/malka-keller-alors-les-petites-juives-ou-courez-vous-comme-ca\/\"]}]},{\"@type\":\"BreadcrumbList\",\"@id\":\"https:\/\/aloumim.com\/index.php\/2025\/09\/15\/malka-keller-alors-les-petites-juives-ou-courez-vous-comme-ca\/#breadcrumb\",\"itemListElement\":[{\"@type\":\"ListItem\",\"position\":1,\"name\":\"Accueil\",\"item\":\"https:\/\/aloumim.com\/\"},{\"@type\":\"ListItem\",\"position\":2,\"name\":\"Malka Keller &#8211; Alors les petites juives, ou courez-vous comme \u00e7a?\"}]},{\"@type\":\"WebSite\",\"@id\":\"https:\/\/aloumim.com\/#website\",\"url\":\"https:\/\/aloumim.com\/\",\"name\":\"aloumim.com\",\"description\":\"\",\"publisher\":{\"@id\":\"https:\/\/aloumim.com\/#organization\"},\"potentialAction\":[{\"@type\":\"SearchAction\",\"target\":{\"@type\":\"EntryPoint\",\"urlTemplate\":\"https:\/\/aloumim.com\/?s={search_term_string}\"},\"query-input\":\"required name=search_term_string\"}],\"inLanguage\":\"fr-FR\"},{\"@type\":\"Organization\",\"@id\":\"https:\/\/aloumim.com\/#organization\",\"name\":\"aloumim.com\",\"url\":\"https:\/\/aloumim.com\/\",\"logo\":{\"@type\":\"ImageObject\",\"inLanguage\":\"fr-FR\",\"@id\":\"https:\/\/aloumim.com\/#\/schema\/logo\/image\/\",\"url\":\"https:\/\/aloumim.com\/wp-content\/uploads\/2023\/08\/Group-38-1.png\",\"contentUrl\":\"https:\/\/aloumim.com\/wp-content\/uploads\/2023\/08\/Group-38-1.png\",\"width\":3756,\"height\":565,\"caption\":\"aloumim.com\"},\"image\":{\"@id\":\"https:\/\/aloumim.com\/#\/schema\/logo\/image\/\"}},{\"@type\":\"Person\",\"@id\":\"https:\/\/aloumim.com\/#\/schema\/person\/1e210bcaa48b45597528e561d137d67f\",\"name\":\"aloumim.com\",\"image\":{\"@type\":\"ImageObject\",\"inLanguage\":\"fr-FR\",\"@id\":\"https:\/\/aloumim.com\/#\/schema\/person\/image\/\",\"url\":\"https:\/\/secure.gravatar.com\/avatar\/8a9a2bcebdd0538655c317bed232bb1c1e5591764aa940825bd737732adb15e5?s=96&d=mm&r=g\",\"contentUrl\":\"https:\/\/secure.gravatar.com\/avatar\/8a9a2bcebdd0538655c317bed232bb1c1e5591764aa940825bd737732adb15e5?s=96&d=mm&r=g\",\"caption\":\"aloumim.com\"},\"sameAs\":[\"http:\/\/aloumim.com\"],\"url\":\"https:\/\/aloumim.com\/index.php\/author\/aloumim-com\/\"}]}<\/script>\n<!-- \/ Yoast SEO plugin. -->","yoast_head_json":{"title":"Malka Keller - Alors les petites juives, ou courez-vous comme \u00e7a? - aloumim.com","robots":{"index":"index","follow":"follow","max-snippet":"max-snippet:-1","max-image-preview":"max-image-preview:large","max-video-preview":"max-video-preview:-1"},"canonical":"https:\/\/aloumim.com\/index.php\/2025\/09\/15\/malka-keller-alors-les-petites-juives-ou-courez-vous-comme-ca\/","og_locale":"fr_FR","og_type":"article","og_title":"Malka Keller - Alors les petites juives, ou courez-vous comme \u00e7a? - aloumim.com","og_description":"Ma m\u00e8re a \u00e9t\u00e9 arr\u00eat\u00e9e le 16 juin 1942, un mois avant la grande rafle du Vel\u2019 d\u2019Hiv\u2019.Et, c\u2019est \u00e9trange \u00e0 dire, c\u2019est sans doute ce qui m\u2019a sauv\u00e9 la vie.Car le 16 juillet, la police n\u2019a trouv\u00e9 qu\u2019un appartement vide\u2026 Mais moi, petite fille de neuf ans et demi, j\u2019avais d\u00e9j\u00e0 fait connaissance avec [&hellip;]","og_url":"https:\/\/aloumim.com\/index.php\/2025\/09\/15\/malka-keller-alors-les-petites-juives-ou-courez-vous-comme-ca\/","og_site_name":"aloumim.com","article_published_time":"2025-09-15T19:49:16+00:00","article_modified_time":"2025-11-05T19:41:38+00:00","author":"aloumim.com","twitter_card":"summary_large_image","twitter_misc":{"\u00c9crit par":"aloumim.com","Dur\u00e9e de lecture estim\u00e9e":"4 minutes"},"schema":{"@context":"https:\/\/schema.org","@graph":[{"@type":"Article","@id":"https:\/\/aloumim.com\/index.php\/2025\/09\/15\/malka-keller-alors-les-petites-juives-ou-courez-vous-comme-ca\/#article","isPartOf":{"@id":"https:\/\/aloumim.com\/index.php\/2025\/09\/15\/malka-keller-alors-les-petites-juives-ou-courez-vous-comme-ca\/"},"author":{"name":"aloumim.com","@id":"https:\/\/aloumim.com\/#\/schema\/person\/1e210bcaa48b45597528e561d137d67f"},"headline":"Malka Keller &#8211; Alors les petites juives, ou courez-vous comme \u00e7a?","datePublished":"2025-09-15T19:49:16+00:00","dateModified":"2025-11-05T19:41:38+00:00","mainEntityOfPage":{"@id":"https:\/\/aloumim.com\/index.php\/2025\/09\/15\/malka-keller-alors-les-petites-juives-ou-courez-vous-comme-ca\/"},"wordCount":808,"publisher":{"@id":"https:\/\/aloumim.com\/#organization"},"articleSection":["Histoire","T\u00e9moignages"],"inLanguage":"fr-FR"},{"@type":"WebPage","@id":"https:\/\/aloumim.com\/index.php\/2025\/09\/15\/malka-keller-alors-les-petites-juives-ou-courez-vous-comme-ca\/","url":"https:\/\/aloumim.com\/index.php\/2025\/09\/15\/malka-keller-alors-les-petites-juives-ou-courez-vous-comme-ca\/","name":"Malka Keller - Alors les petites juives, ou courez-vous comme \u00e7a? - aloumim.com","isPartOf":{"@id":"https:\/\/aloumim.com\/#website"},"datePublished":"2025-09-15T19:49:16+00:00","dateModified":"2025-11-05T19:41:38+00:00","breadcrumb":{"@id":"https:\/\/aloumim.com\/index.php\/2025\/09\/15\/malka-keller-alors-les-petites-juives-ou-courez-vous-comme-ca\/#breadcrumb"},"inLanguage":"fr-FR","potentialAction":[{"@type":"ReadAction","target":["https:\/\/aloumim.com\/index.php\/2025\/09\/15\/malka-keller-alors-les-petites-juives-ou-courez-vous-comme-ca\/"]}]},{"@type":"BreadcrumbList","@id":"https:\/\/aloumim.com\/index.php\/2025\/09\/15\/malka-keller-alors-les-petites-juives-ou-courez-vous-comme-ca\/#breadcrumb","itemListElement":[{"@type":"ListItem","position":1,"name":"Accueil","item":"https:\/\/aloumim.com\/"},{"@type":"ListItem","position":2,"name":"Malka Keller &#8211; Alors les petites juives, ou courez-vous comme \u00e7a?"}]},{"@type":"WebSite","@id":"https:\/\/aloumim.com\/#website","url":"https:\/\/aloumim.com\/","name":"aloumim.com","description":"","publisher":{"@id":"https:\/\/aloumim.com\/#organization"},"potentialAction":[{"@type":"SearchAction","target":{"@type":"EntryPoint","urlTemplate":"https:\/\/aloumim.com\/?s={search_term_string}"},"query-input":"required name=search_term_string"}],"inLanguage":"fr-FR"},{"@type":"Organization","@id":"https:\/\/aloumim.com\/#organization","name":"aloumim.com","url":"https:\/\/aloumim.com\/","logo":{"@type":"ImageObject","inLanguage":"fr-FR","@id":"https:\/\/aloumim.com\/#\/schema\/logo\/image\/","url":"https:\/\/aloumim.com\/wp-content\/uploads\/2023\/08\/Group-38-1.png","contentUrl":"https:\/\/aloumim.com\/wp-content\/uploads\/2023\/08\/Group-38-1.png","width":3756,"height":565,"caption":"aloumim.com"},"image":{"@id":"https:\/\/aloumim.com\/#\/schema\/logo\/image\/"}},{"@type":"Person","@id":"https:\/\/aloumim.com\/#\/schema\/person\/1e210bcaa48b45597528e561d137d67f","name":"aloumim.com","image":{"@type":"ImageObject","inLanguage":"fr-FR","@id":"https:\/\/aloumim.com\/#\/schema\/person\/image\/","url":"https:\/\/secure.gravatar.com\/avatar\/8a9a2bcebdd0538655c317bed232bb1c1e5591764aa940825bd737732adb15e5?s=96&d=mm&r=g","contentUrl":"https:\/\/secure.gravatar.com\/avatar\/8a9a2bcebdd0538655c317bed232bb1c1e5591764aa940825bd737732adb15e5?s=96&d=mm&r=g","caption":"aloumim.com"},"sameAs":["http:\/\/aloumim.com"],"url":"https:\/\/aloumim.com\/index.php\/author\/aloumim-com\/"}]}},"jetpack_featured_media_url":"","_links":{"self":[{"href":"https:\/\/aloumim.com\/index.php\/wp-json\/wp\/v2\/posts\/1099","targetHints":{"allow":["GET"]}}],"collection":[{"href":"https:\/\/aloumim.com\/index.php\/wp-json\/wp\/v2\/posts"}],"about":[{"href":"https:\/\/aloumim.com\/index.php\/wp-json\/wp\/v2\/types\/post"}],"author":[{"embeddable":true,"href":"https:\/\/aloumim.com\/index.php\/wp-json\/wp\/v2\/users\/1"}],"replies":[{"embeddable":true,"href":"https:\/\/aloumim.com\/index.php\/wp-json\/wp\/v2\/comments?post=1099"}],"version-history":[{"count":3,"href":"https:\/\/aloumim.com\/index.php\/wp-json\/wp\/v2\/posts\/1099\/revisions"}],"predecessor-version":[{"id":1102,"href":"https:\/\/aloumim.com\/index.php\/wp-json\/wp\/v2\/posts\/1099\/revisions\/1102"}],"wp:attachment":[{"href":"https:\/\/aloumim.com\/index.php\/wp-json\/wp\/v2\/media?parent=1099"}],"wp:term":[{"taxonomy":"category","embeddable":true,"href":"https:\/\/aloumim.com\/index.php\/wp-json\/wp\/v2\/categories?post=1099"},{"taxonomy":"post_tag","embeddable":true,"href":"https:\/\/aloumim.com\/index.php\/wp-json\/wp\/v2\/tags?post=1099"}],"curies":[{"name":"wp","href":"https:\/\/api.w.org\/{rel}","templated":true}]}}