{"id":1152,"date":"2025-11-09T11:30:39","date_gmt":"2025-11-09T10:30:39","guid":{"rendered":"https:\/\/aloumim.com\/?p=1152"},"modified":"2025-11-09T11:30:41","modified_gmt":"2025-11-09T10:30:41","slug":"terminologie","status":"publish","type":"post","link":"https:\/\/aloumim.com\/index.php\/2025\/11\/09\/terminologie\/","title":{"rendered":"Terminologie"},"content":{"rendered":"<form role=\"search\" method=\"get\" action=\"https:\/\/aloumim.com\/\" class=\"wp-block-search__button-outside wp-block-search__text-button wp-block-search\"    ><label class=\"wp-block-search__label\" for=\"wp-block-search__input-1\" >Rechercher<\/label><div class=\"wp-block-search__inside-wrapper \" ><input class=\"wp-block-search__input\" id=\"wp-block-search__input-1\" placeholder=\"\" value=\"\" type=\"search\" name=\"s\" required \/><button aria-label=\"Rechercher\" class=\"wp-block-search__button wp-element-button\" type=\"submit\" >Rechercher<\/button><\/div><\/form>\n\n\n<p><\/p>\n\n\n\n<p><strong>Drancy (Seine-Saint-Denis)<\/strong><br>Le camp d\u2019internement de Drancy fut install\u00e9, en ao\u00fbt 1941 par le gouvernement de Vichy dans les<br>b\u00e2timents inachev\u00e9s de la cit\u00e9 de la Muette pr\u00e8s de Paris.<br>Pr\u00e8s de 80.000 Juifs &#8211; hommes, femmes, enfants, vieillards &#8211; y furent intern\u00e9s dans des conditions tr\u00e8s<br>p\u00e9nibles.<br>74 convois en wagons \u00e0 bestiaux plomb\u00e9s partirent de Drancy vers les camps de la mort pour la plupart<br>\u00e0 Auschwitz.<br>Le camp a \u00e9t\u00e9 lib\u00e9r\u00e9 le 22 ao\u00fbt 1944. Ils s\u2019y trouvaient encore environ 1.500 intern\u00e9s dont 65 enfants.<\/p>\n\n\n\n<p><strong>Gurs (Basse-Pyr\u00e9n\u00e9es)<\/strong><br>Gurs est le camps d\u2019internement le plus important du sud de la France, construit en 1939 pour y accueilli<br>des r\u00e9fugi\u00e9s espagnols.<br>En octobre 1940, plus de 6.500 Juifs allemands y sont intern\u00e9s dans des conditions extr\u00eamement dures.<br>D\u2019ao\u00fbt 1942 \u00e0 mars 1943, six convois de plus de 4.000 Juifs sont transf\u00e9r\u00e9s \u00e0 Drancy puis d\u00e9port\u00e9s \u00e0<br>Auschwitz.<br>Novembre 1943, fermeture du camp.<\/p>\n\n\n\n<p><strong>Liens :<\/strong><br>Chemin de M\u00e9moire<br>Gurs<br>Camp de Gurs<\/p>\n\n\n\n<p><strong>Rivesaltes (Pyr\u00e9n\u00e9es- Orientales)<\/strong><br>Camp de \u00ab\u00a0regroupement familial\u00a0\u00bb destin\u00e9 aux familles juives accompagn\u00e9es d\u2019enfants.<br>Apr\u00e8s avoir abrit\u00e9 des r\u00e9fugi\u00e9s espagnols, le premier convoi de Juifs y arrive en 1941.<br>D\u2019ao\u00fbt 1942 \u00e0 novembre 1942 plus de 2.000 juifs &#8211; hommes, femmes et enfants &#8211; sont transf\u00e9r\u00e9s \u00e0<br>Drancy puis d\u00e9port\u00e9s vers des camps d\u2019extermination.<\/p>\n\n\n\n<p><strong>Ligne de d\u00e9marcation<\/strong><br>Suite \u00e0 l\u2019armistice sign\u00e9 par la France le 22 juin 1940, une ligne-fronti\u00e8re divise la France en deux zones :<br>la zone du Nord, dite \u00ab\u00a0zone occup\u00e9e\u00a0\u00bb par les Allemands dont la capitale reste Paris et la zone du Sud dite<br>\u00ab\u00a0zone libre\u00a0\u00bb ou non occup\u00e9e, si\u00e8ge du gouvernement de P\u00e9tain, avec Vichy comme capitale.<br>La ligne de d\u00e9marcation dispara\u00eet en novembre 1942, quand les Allemands envahissent toute la France,<br>en repr\u00e9sailles au d\u00e9barquement des Alli\u00e9s en Afrique du Nord.<\/p>\n\n\n\n<p><strong>Nuit de Cristal<\/strong><br>Dans la nuit du 9 au 10 novembre 1938, les Nazis ont incendi\u00e9, dans toute l\u2019Allemagne, 191 synagogues,<br>saccag\u00e9 7.500 magasins juifs, pill\u00e9 des centaines de locaux communautaires, des maisons d\u2019habitation,<br>des cimeti\u00e8res juifs et arr\u00eat\u00e9 30.000 Juifs.<br>Pr\u00e9texte de ce pogrom : l\u2019assassinat de Ernst vom Rath, conseiller de l\u2019Ambassade allemande \u00e0 Paris, par<br>Herschel Grynszpan, jeune juif polonais.<br>Origine du nom : \u00ab\u00a0Kristallnacht\u00a0\u00bb ou Nuit de Cristal : en raison du nombre incalculable de vitres bris\u00e9es,<br>les Nazis ont donn\u00e9 ce nom \u00ab\u00a0po\u00e9tique\u00a0\u00bb \u00e0 cet \u00e9pisode de violence.<\/p>\n\n\n\n<p><strong>Alyah<\/strong><br>Faire son Alyah : immigrer en Isra\u00ebl.<\/p>\n\n\n\n<p>Alyat-Hanoar ou Alyah des Jeunes<br>Immigration d\u2019adolescents venant sans leur famille en Isra\u00ebl. L\u2019Alyah des Jeunes se d\u00e9veloppe \u00e0 partir de<br>1933.<\/p>\n\n\n\n<p><strong>Amcha<\/strong><br>Centre national isra\u00e9lien pour le soutien psychologique des survivants de la Shoah et de la deuxi\u00e8me<br>g\u00e9n\u00e9ration.<\/p>\n\n\n\n<p><strong>Bar-Mitsvah<\/strong><br>C\u00e9r\u00e9monie qui marque l\u2019accession d\u2019un gar\u00e7on \u00e0 l\u2019\u00e2ge de 13 ans \u00e0 sa majorit\u00e9 religieuse.<\/p>\n\n\n\n<p><strong>Chiva<\/strong><br>Semaine de deuil apr\u00e8s le d\u00e9c\u00e8s d\u2019un parent proche.<\/p>\n\n\n\n<p><strong>EIF<\/strong><br>Eclaireurs Isra\u00e9lites de France. Mouvement de jeunesse juive.<\/p>\n\n\n\n<p><strong>Jahrzeit<\/strong><br>Date anniversaire du d\u00e9c\u00e8s d\u2019une personne<\/p>\n\n\n\n<p><strong>Kaddich<\/strong><br>Pri\u00e8re de sanctification (dite par erreur \u00ab\u00a0pri\u00e8re des morts\u00a0\u00bb) r\u00e9dig\u00e9e en aram\u00e9en, r\u00e9cit\u00e9e notamment lors<br>des enterrements et \u00e0 la date anniversaire du d\u00e9c\u00e8s.<\/p>\n\n\n\n<p><strong>Kiddouch<\/strong><br>Le Kiddoush est la pri\u00e8re de sanctification du shabbath et des jours de f\u00eate, r\u00e9cit\u00e9 ou chant\u00e9 en m\u00eame<br>temps que l&rsquo;on \u00e9l\u00e8ve une coupe de vin.<\/p>\n\n\n\n<p><strong>ORT<\/strong><br>Organisation, Reconstruction, Travail.<br>Institution mondiale juive qui a d\u00e9velopp\u00e9 l\u2019enseignement technique et la formation professionnelle.<\/p>\n\n\n\n<p><strong>OSE<\/strong><br>Oeuvre de Secours aux Enfants.<br>Organisation juive cr\u00e9\u00e9e en 1912 \u00e0 Saint-P\u00e9tersbourg, si\u00e8ge \u00e0 Paris, \u00e0 partir de 1923. Ses actions sont<br>\u00e9ducatives, m\u00e9dicales et sociales. L\u2019OSE joue un r\u00f4le pr\u00e9dominant dans le sauvetage des enfants juifs de<br>France.<\/p>\n\n\n\n<p><strong>Talith<\/strong><br>Ch\u00e2le de pri\u00e8re.<\/p>\n\n\n\n<p><strong>Tephilines<\/strong><br>Phylact\u00e8res : petites bo\u00eetes de cuir contenant certains passages bibliques que les Juifs portent pendant<br>la pri\u00e8re du matin.<\/p>\n\n\n\n<p><strong>Vel\u2019 d\u2019Hiv\u2019<\/strong><br>Rafle du V\u00e9lodrome d\u2019hiver \u00e0 Paris. Les 16 et 17 juillet 1942, 12.880 Juifs sont arr\u00eat\u00e9s, parmi eux 4 000<br>enfants, puis d\u00e9port\u00e9s vers les camps d\u2019extermination.<\/p>\n\n\n\n<p><strong>Yad Vashem<\/strong><br>Institution pour la M\u00e9moire des Martyrs et des H\u00e9ros de la Shoah \u00e0 J\u00e9rusalem.<\/p>\n\n\n\n<p><strong>Zmiroth<\/strong><br>Cantiques pour le Chabbat<\/p>\n","protected":false},"excerpt":{"rendered":"<p>Drancy (Seine-Saint-Denis)Le camp d\u2019internement de Drancy fut install\u00e9, en ao\u00fbt 1941 par le gouvernement de Vichy dans lesb\u00e2timents inachev\u00e9s de la cit\u00e9 de la Muette pr\u00e8s de Paris.Pr\u00e8s de 80.000 Juifs &#8211; hommes, femmes, enfants, vieillards &#8211; y furent intern\u00e9s dans des conditions tr\u00e8sp\u00e9nibles.74 convois en wagons \u00e0 bestiaux plomb\u00e9s partirent de Drancy vers les [&hellip;]<\/p>\n","protected":false},"author":1,"featured_media":0,"comment_status":"open","ping_status":"open","sticky":false,"template":"","format":"standard","meta":{"_et_pb_use_builder":"off","_et_pb_old_content":"","_et_gb_content_width":"","om_disable_all_campaigns":false,"_monsterinsights_skip_tracking":false,"_monsterinsights_sitenote_active":false,"_monsterinsights_sitenote_note":"","_monsterinsights_sitenote_category":0,"footnotes":""},"categories":[28],"tags":[],"class_list":["post-1152","post","type-post","status-publish","format-standard","hentry","category-fait-historique"],"yoast_head":"<!-- This site is optimized with the Yoast SEO plugin v20.13 - https:\/\/yoast.com\/wordpress\/plugins\/seo\/ -->\n<title>Terminologie - aloumim.com<\/title>\n<meta name=\"robots\" content=\"index, follow, max-snippet:-1, max-image-preview:large, max-video-preview:-1\" \/>\n<link rel=\"canonical\" href=\"https:\/\/aloumim.com\/index.php\/2025\/11\/09\/terminologie\/\" \/>\n<meta property=\"og:locale\" content=\"fr_FR\" \/>\n<meta property=\"og:type\" content=\"article\" \/>\n<meta property=\"og:title\" content=\"Terminologie - aloumim.com\" \/>\n<meta property=\"og:description\" content=\"Drancy (Seine-Saint-Denis)Le camp d\u2019internement de Drancy fut install\u00e9, en ao\u00fbt 1941 par le gouvernement de Vichy dans lesb\u00e2timents inachev\u00e9s de la cit\u00e9 de la Muette pr\u00e8s de Paris.Pr\u00e8s de 80.000 Juifs &#8211; hommes, femmes, enfants, vieillards &#8211; y furent intern\u00e9s dans des conditions tr\u00e8sp\u00e9nibles.74 convois en wagons \u00e0 bestiaux plomb\u00e9s partirent de Drancy vers les [&hellip;]\" \/>\n<meta property=\"og:url\" content=\"https:\/\/aloumim.com\/index.php\/2025\/11\/09\/terminologie\/\" \/>\n<meta property=\"og:site_name\" content=\"aloumim.com\" \/>\n<meta property=\"article:published_time\" content=\"2025-11-09T10:30:39+00:00\" \/>\n<meta property=\"article:modified_time\" content=\"2025-11-09T10:30:41+00:00\" \/>\n<meta name=\"author\" content=\"aloumim.com\" \/>\n<meta name=\"twitter:card\" content=\"summary_large_image\" \/>\n<meta name=\"twitter:label1\" content=\"\u00c9crit par\" \/>\n\t<meta name=\"twitter:data1\" content=\"aloumim.com\" \/>\n\t<meta name=\"twitter:label2\" content=\"Dur\u00e9e de lecture estim\u00e9e\" \/>\n\t<meta name=\"twitter:data2\" content=\"4 minutes\" \/>\n<script type=\"application\/ld+json\" class=\"yoast-schema-graph\">{\"@context\":\"https:\/\/schema.org\",\"@graph\":[{\"@type\":\"Article\",\"@id\":\"https:\/\/aloumim.com\/index.php\/2025\/11\/09\/terminologie\/#article\",\"isPartOf\":{\"@id\":\"https:\/\/aloumim.com\/index.php\/2025\/11\/09\/terminologie\/\"},\"author\":{\"name\":\"aloumim.com\",\"@id\":\"https:\/\/aloumim.com\/#\/schema\/person\/1e210bcaa48b45597528e561d137d67f\"},\"headline\":\"Terminologie\",\"datePublished\":\"2025-11-09T10:30:39+00:00\",\"dateModified\":\"2025-11-09T10:30:41+00:00\",\"mainEntityOfPage\":{\"@id\":\"https:\/\/aloumim.com\/index.php\/2025\/11\/09\/terminologie\/\"},\"wordCount\":716,\"commentCount\":0,\"publisher\":{\"@id\":\"https:\/\/aloumim.com\/#organization\"},\"articleSection\":[\"Fait historique\"],\"inLanguage\":\"fr-FR\",\"potentialAction\":[{\"@type\":\"CommentAction\",\"name\":\"Comment\",\"target\":[\"https:\/\/aloumim.com\/index.php\/2025\/11\/09\/terminologie\/#respond\"]}]},{\"@type\":\"WebPage\",\"@id\":\"https:\/\/aloumim.com\/index.php\/2025\/11\/09\/terminologie\/\",\"url\":\"https:\/\/aloumim.com\/index.php\/2025\/11\/09\/terminologie\/\",\"name\":\"Terminologie - aloumim.com\",\"isPartOf\":{\"@id\":\"https:\/\/aloumim.com\/#website\"},\"datePublished\":\"2025-11-09T10:30:39+00:00\",\"dateModified\":\"2025-11-09T10:30:41+00:00\",\"breadcrumb\":{\"@id\":\"https:\/\/aloumim.com\/index.php\/2025\/11\/09\/terminologie\/#breadcrumb\"},\"inLanguage\":\"fr-FR\",\"potentialAction\":[{\"@type\":\"ReadAction\",\"target\":[\"https:\/\/aloumim.com\/index.php\/2025\/11\/09\/terminologie\/\"]}]},{\"@type\":\"BreadcrumbList\",\"@id\":\"https:\/\/aloumim.com\/index.php\/2025\/11\/09\/terminologie\/#breadcrumb\",\"itemListElement\":[{\"@type\":\"ListItem\",\"position\":1,\"name\":\"Accueil\",\"item\":\"https:\/\/aloumim.com\/\"},{\"@type\":\"ListItem\",\"position\":2,\"name\":\"Terminologie\"}]},{\"@type\":\"WebSite\",\"@id\":\"https:\/\/aloumim.com\/#website\",\"url\":\"https:\/\/aloumim.com\/\",\"name\":\"aloumim.com\",\"description\":\"\",\"publisher\":{\"@id\":\"https:\/\/aloumim.com\/#organization\"},\"potentialAction\":[{\"@type\":\"SearchAction\",\"target\":{\"@type\":\"EntryPoint\",\"urlTemplate\":\"https:\/\/aloumim.com\/?s={search_term_string}\"},\"query-input\":\"required name=search_term_string\"}],\"inLanguage\":\"fr-FR\"},{\"@type\":\"Organization\",\"@id\":\"https:\/\/aloumim.com\/#organization\",\"name\":\"aloumim.com\",\"url\":\"https:\/\/aloumim.com\/\",\"logo\":{\"@type\":\"ImageObject\",\"inLanguage\":\"fr-FR\",\"@id\":\"https:\/\/aloumim.com\/#\/schema\/logo\/image\/\",\"url\":\"https:\/\/aloumim.com\/wp-content\/uploads\/2023\/08\/Group-38-1.png\",\"contentUrl\":\"https:\/\/aloumim.com\/wp-content\/uploads\/2023\/08\/Group-38-1.png\",\"width\":3756,\"height\":565,\"caption\":\"aloumim.com\"},\"image\":{\"@id\":\"https:\/\/aloumim.com\/#\/schema\/logo\/image\/\"}},{\"@type\":\"Person\",\"@id\":\"https:\/\/aloumim.com\/#\/schema\/person\/1e210bcaa48b45597528e561d137d67f\",\"name\":\"aloumim.com\",\"image\":{\"@type\":\"ImageObject\",\"inLanguage\":\"fr-FR\",\"@id\":\"https:\/\/aloumim.com\/#\/schema\/person\/image\/\",\"url\":\"https:\/\/secure.gravatar.com\/avatar\/8a9a2bcebdd0538655c317bed232bb1c1e5591764aa940825bd737732adb15e5?s=96&d=mm&r=g\",\"contentUrl\":\"https:\/\/secure.gravatar.com\/avatar\/8a9a2bcebdd0538655c317bed232bb1c1e5591764aa940825bd737732adb15e5?s=96&d=mm&r=g\",\"caption\":\"aloumim.com\"},\"sameAs\":[\"http:\/\/aloumim.com\"],\"url\":\"https:\/\/aloumim.com\/index.php\/author\/aloumim-com\/\"}]}<\/script>\n<!-- \/ Yoast SEO plugin. -->","yoast_head_json":{"title":"Terminologie - aloumim.com","robots":{"index":"index","follow":"follow","max-snippet":"max-snippet:-1","max-image-preview":"max-image-preview:large","max-video-preview":"max-video-preview:-1"},"canonical":"https:\/\/aloumim.com\/index.php\/2025\/11\/09\/terminologie\/","og_locale":"fr_FR","og_type":"article","og_title":"Terminologie - aloumim.com","og_description":"Drancy (Seine-Saint-Denis)Le camp d\u2019internement de Drancy fut install\u00e9, en ao\u00fbt 1941 par le gouvernement de Vichy dans lesb\u00e2timents inachev\u00e9s de la cit\u00e9 de la Muette pr\u00e8s de Paris.Pr\u00e8s de 80.000 Juifs &#8211; hommes, femmes, enfants, vieillards &#8211; y furent intern\u00e9s dans des conditions tr\u00e8sp\u00e9nibles.74 convois en wagons \u00e0 bestiaux plomb\u00e9s partirent de Drancy vers les [&hellip;]","og_url":"https:\/\/aloumim.com\/index.php\/2025\/11\/09\/terminologie\/","og_site_name":"aloumim.com","article_published_time":"2025-11-09T10:30:39+00:00","article_modified_time":"2025-11-09T10:30:41+00:00","author":"aloumim.com","twitter_card":"summary_large_image","twitter_misc":{"\u00c9crit par":"aloumim.com","Dur\u00e9e de lecture estim\u00e9e":"4 minutes"},"schema":{"@context":"https:\/\/schema.org","@graph":[{"@type":"Article","@id":"https:\/\/aloumim.com\/index.php\/2025\/11\/09\/terminologie\/#article","isPartOf":{"@id":"https:\/\/aloumim.com\/index.php\/2025\/11\/09\/terminologie\/"},"author":{"name":"aloumim.com","@id":"https:\/\/aloumim.com\/#\/schema\/person\/1e210bcaa48b45597528e561d137d67f"},"headline":"Terminologie","datePublished":"2025-11-09T10:30:39+00:00","dateModified":"2025-11-09T10:30:41+00:00","mainEntityOfPage":{"@id":"https:\/\/aloumim.com\/index.php\/2025\/11\/09\/terminologie\/"},"wordCount":716,"commentCount":0,"publisher":{"@id":"https:\/\/aloumim.com\/#organization"},"articleSection":["Fait historique"],"inLanguage":"fr-FR","potentialAction":[{"@type":"CommentAction","name":"Comment","target":["https:\/\/aloumim.com\/index.php\/2025\/11\/09\/terminologie\/#respond"]}]},{"@type":"WebPage","@id":"https:\/\/aloumim.com\/index.php\/2025\/11\/09\/terminologie\/","url":"https:\/\/aloumim.com\/index.php\/2025\/11\/09\/terminologie\/","name":"Terminologie - aloumim.com","isPartOf":{"@id":"https:\/\/aloumim.com\/#website"},"datePublished":"2025-11-09T10:30:39+00:00","dateModified":"2025-11-09T10:30:41+00:00","breadcrumb":{"@id":"https:\/\/aloumim.com\/index.php\/2025\/11\/09\/terminologie\/#breadcrumb"},"inLanguage":"fr-FR","potentialAction":[{"@type":"ReadAction","target":["https:\/\/aloumim.com\/index.php\/2025\/11\/09\/terminologie\/"]}]},{"@type":"BreadcrumbList","@id":"https:\/\/aloumim.com\/index.php\/2025\/11\/09\/terminologie\/#breadcrumb","itemListElement":[{"@type":"ListItem","position":1,"name":"Accueil","item":"https:\/\/aloumim.com\/"},{"@type":"ListItem","position":2,"name":"Terminologie"}]},{"@type":"WebSite","@id":"https:\/\/aloumim.com\/#website","url":"https:\/\/aloumim.com\/","name":"aloumim.com","description":"","publisher":{"@id":"https:\/\/aloumim.com\/#organization"},"potentialAction":[{"@type":"SearchAction","target":{"@type":"EntryPoint","urlTemplate":"https:\/\/aloumim.com\/?s={search_term_string}"},"query-input":"required name=search_term_string"}],"inLanguage":"fr-FR"},{"@type":"Organization","@id":"https:\/\/aloumim.com\/#organization","name":"aloumim.com","url":"https:\/\/aloumim.com\/","logo":{"@type":"ImageObject","inLanguage":"fr-FR","@id":"https:\/\/aloumim.com\/#\/schema\/logo\/image\/","url":"https:\/\/aloumim.com\/wp-content\/uploads\/2023\/08\/Group-38-1.png","contentUrl":"https:\/\/aloumim.com\/wp-content\/uploads\/2023\/08\/Group-38-1.png","width":3756,"height":565,"caption":"aloumim.com"},"image":{"@id":"https:\/\/aloumim.com\/#\/schema\/logo\/image\/"}},{"@type":"Person","@id":"https:\/\/aloumim.com\/#\/schema\/person\/1e210bcaa48b45597528e561d137d67f","name":"aloumim.com","image":{"@type":"ImageObject","inLanguage":"fr-FR","@id":"https:\/\/aloumim.com\/#\/schema\/person\/image\/","url":"https:\/\/secure.gravatar.com\/avatar\/8a9a2bcebdd0538655c317bed232bb1c1e5591764aa940825bd737732adb15e5?s=96&d=mm&r=g","contentUrl":"https:\/\/secure.gravatar.com\/avatar\/8a9a2bcebdd0538655c317bed232bb1c1e5591764aa940825bd737732adb15e5?s=96&d=mm&r=g","caption":"aloumim.com"},"sameAs":["http:\/\/aloumim.com"],"url":"https:\/\/aloumim.com\/index.php\/author\/aloumim-com\/"}]}},"jetpack_featured_media_url":"","_links":{"self":[{"href":"https:\/\/aloumim.com\/index.php\/wp-json\/wp\/v2\/posts\/1152","targetHints":{"allow":["GET"]}}],"collection":[{"href":"https:\/\/aloumim.com\/index.php\/wp-json\/wp\/v2\/posts"}],"about":[{"href":"https:\/\/aloumim.com\/index.php\/wp-json\/wp\/v2\/types\/post"}],"author":[{"embeddable":true,"href":"https:\/\/aloumim.com\/index.php\/wp-json\/wp\/v2\/users\/1"}],"replies":[{"embeddable":true,"href":"https:\/\/aloumim.com\/index.php\/wp-json\/wp\/v2\/comments?post=1152"}],"version-history":[{"count":1,"href":"https:\/\/aloumim.com\/index.php\/wp-json\/wp\/v2\/posts\/1152\/revisions"}],"predecessor-version":[{"id":1153,"href":"https:\/\/aloumim.com\/index.php\/wp-json\/wp\/v2\/posts\/1152\/revisions\/1153"}],"wp:attachment":[{"href":"https:\/\/aloumim.com\/index.php\/wp-json\/wp\/v2\/media?parent=1152"}],"wp:term":[{"taxonomy":"category","embeddable":true,"href":"https:\/\/aloumim.com\/index.php\/wp-json\/wp\/v2\/categories?post=1152"},{"taxonomy":"post_tag","embeddable":true,"href":"https:\/\/aloumim.com\/index.php\/wp-json\/wp\/v2\/tags?post=1152"}],"curies":[{"name":"wp","href":"https:\/\/api.w.org\/{rel}","templated":true}]}}