{"id":1154,"date":"2025-11-09T11:34:50","date_gmt":"2025-11-09T10:34:50","guid":{"rendered":"https:\/\/aloumim.com\/?p=1154"},"modified":"2025-11-09T11:34:52","modified_gmt":"2025-11-09T10:34:52","slug":"simone-veil-israel-et-les-enfants-caches","status":"publish","type":"post","link":"https:\/\/aloumim.com\/index.php\/2025\/11\/09\/simone-veil-israel-et-les-enfants-caches\/","title":{"rendered":"Simone Veil, Isra\u00ebl et \u00ab\u00a0les enfants cach\u00e9s\u00a0\u00bb"},"content":{"rendered":"\n<p>Imp\u00e9riale et bienveillante, impatiente et g\u00e9n\u00e9reuse, lucide et courageuse\u2026<br>Les nombreux hommages rendus \u00e0 Simone Veil, dans ses diff\u00e9rentes fonctions et responsabilit\u00e9s, ont permis d\u2019\u00e9voquer sa personnalit\u00e9 exceptionnelle, ses actions, son temp\u00e9rament, et m\u00eame son intimit\u00e9 amicale et familiale.<\/p>\n\n\n\n<p>Je souhaite donc simplement ajouter quelques souvenirs et certaines de ses pens\u00e9es concernant Isra\u00ebl et \u00ab les enfants cach\u00e9s d\u2019Aloumim \u00bb, glan\u00e9es au cours des huit ann\u00e9es pass\u00e9es \u00e0 ses c\u00f4t\u00e9s \u00e0 la Fondation pour la M\u00e9moire de la Shoah.<\/p>\n\n\n\n<p>Quelques remarques pour commencer.<br>Pour beaucoup d\u2019Isra\u00e9liens aux origines fran\u00e7aises, survivants de la Shoah, t\u00e9moins ou victimes des rafles et des d\u00e9portations, il me semble que l\u2019image de la France et des Fran\u00e7ais reste dans leur m\u00e9moire comme un souvenir tragique et douloureux.<br>C\u2019est cette image d\u2019une France antis\u00e9mite et l\u00e2che qu\u2019ils ont alors parfois transmise \u00e0 leurs enfants ; ceux-ci l\u2019ont \u00e0 leur tour perp\u00e9tu\u00e9e, surtout apr\u00e8s la guerre des Six Jours, quand la lune de miel entre Isra\u00ebl et la France a bel et bien \u00e9t\u00e9 termin\u00e9e, et qu\u2019elle s\u2019est confirm\u00e9e au fil des relations entre les deux pays.<\/p>\n\n\n\n<p>Or, qu\u2019en \u00e9tait-il de Madame Veil ?<br>Son attachement profond et ind\u00e9fectible \u00e0 Isra\u00ebl \u00e9tait tout \u00e0 fait compatible avec son identit\u00e9 fran\u00e7aise.<br>Elle, dont le p\u00e8re, le fr\u00e8re, la m\u00e8re, les s\u0153urs avaient pourtant \u00e9t\u00e9 d\u00e9port\u00e9s avec la collaboration de la police fran\u00e7aise, s\u2019est pourtant toujours refus\u00e9e \u00e0 ce que l\u2019on transmette l\u2019image d\u2019une France majoritairement veule, \u00ab collabo \u00bb et antis\u00e9mite.<\/p>\n\n\n\n<p>Avec Serge Klarsfeld, elle n\u2019a eu de cesse de rappeler que la majorit\u00e9 des Juifs, en France, avait eu la vie sauve, ce qui n\u2019avait pas \u00e9t\u00e9 le cas dans les autres pays occup\u00e9s par les nazis.<\/p>\n\n\n\n<p>Et parmi les Juifs sauv\u00e9s, le sauvetage des enfants juifs sous l\u2019Occupation a \u00e9t\u00e9 pour elle une question importante.<br>En fait, elle \u00e9prouvait un double sentiment de culpabilit\u00e9 : le remords, au cours de sa vie personnelle et professionnelle, de n\u2019avoir pas pr\u00eat\u00e9 suffisamment attention \u00e0 la d\u00e9tresse des enfants juifs qui avaient \u00e9chapp\u00e9 aux d\u00e9portations, ni aux conditions de leur reconstruction apr\u00e8s la guerre.<br>D\u2019autre part, elle \u00e9tait convaincue que l\u2019on n\u2019avait pas suffisamment \u00e9t\u00e9 reconnaissant envers ceux qui les avaient sauv\u00e9s.<\/p>\n\n\n\n<p>Ainsi, d\u00e8s la cr\u00e9ation de la FMS en 2001, elle a tenu \u00e0 exprimer sa reconnaissance envers ces institutions qu\u2019elle connaissait peu, ces organisations qui s\u2019\u00e9taient occup\u00e9es des enfants juifs pendant et apr\u00e8s la guerre, et qui sollicitaient des fonds de la FMS soit pour aider, \u00e0 travers elles, les survivants, soit pour faire conna\u00eetre au grand public les actions qu\u2019elles avaient men\u00e9es.<\/p>\n\n\n\n<p>Quelque temps avant sa disparition, lors de la journ\u00e9e internationale de la femme de mars 2017, un \u00e9mouvant hommage lui fut aussi rendu par le Coll\u00e8ge francophone de Netanya que l\u2019on peut \u00e9couter sur son site.<br>(Elle en \u00e9tait la premi\u00e8re Pr\u00e9sidente quand j\u2019en fus la directrice g\u00e9n\u00e9rale.)<\/p>\n\n\n\n<p>Aussi, lorsque le Dr Lichtenstein, qui pr\u00e9sidait alors Aloumim, est venu \u00e0 Paris pour demander l\u2019aide de la FMS pour les enfants cach\u00e9s en France et partis pour Isra\u00ebl, Madame Veil a aussit\u00f4t consid\u00e9r\u00e9 comme \u00e9vident de r\u00e9pondre favorablement.<\/p>\n\n\n\n<p>Et c\u2019est ainsi qu\u2019avec l\u2019aide financi\u00e8re de la FMS \u00e0 Paris, et en Isra\u00ebl, l\u2019engagement permanent et l\u2019exp\u00e9rience professionnelle de mon amie Aline Deutscher, nous avons tous \u00e9t\u00e9 heureux de pouvoir contribuer \u00e0 all\u00e9ger les difficult\u00e9s rencontr\u00e9es par les anciens enfants cach\u00e9s d\u2019Aloumim.<\/p>\n\n\n\n<p>Et je suis ravie que cette aide, reconduite depuis lors chaque ann\u00e9e par la FMS, dirig\u00e9e depuis 2009 par Philippe Allouche, se poursuive dans ce m\u00eame esprit de confiance et d\u2019amiti\u00e9 que celui que nous avions.<\/p>\n","protected":false},"excerpt":{"rendered":"<p>Imp\u00e9riale et bienveillante, impatiente et g\u00e9n\u00e9reuse, lucide et courageuse\u2026Les nombreux hommages rendus \u00e0 Simone Veil, dans ses diff\u00e9rentes fonctions et responsabilit\u00e9s, ont permis d\u2019\u00e9voquer sa personnalit\u00e9 exceptionnelle, ses actions, son temp\u00e9rament, et m\u00eame son intimit\u00e9 amicale et familiale. Je souhaite donc simplement ajouter quelques souvenirs et certaines de ses pens\u00e9es concernant Isra\u00ebl et \u00ab les [&hellip;]<\/p>\n","protected":false},"author":1,"featured_media":0,"comment_status":"open","ping_status":"open","sticky":false,"template":"","format":"standard","meta":{"_et_pb_use_builder":"off","_et_pb_old_content":"","_et_gb_content_width":"","om_disable_all_campaigns":false,"_monsterinsights_skip_tracking":false,"_monsterinsights_sitenote_active":false,"_monsterinsights_sitenote_note":"","_monsterinsights_sitenote_category":0,"footnotes":""},"categories":[28],"tags":[],"class_list":["post-1154","post","type-post","status-publish","format-standard","hentry","category-fait-historique"],"yoast_head":"<!-- This site is optimized with the Yoast SEO plugin v20.13 - https:\/\/yoast.com\/wordpress\/plugins\/seo\/ -->\n<title>Simone Veil, Isra\u00ebl et \u00ab\u00a0les enfants cach\u00e9s\u00a0\u00bb - aloumim.com<\/title>\n<meta name=\"robots\" content=\"index, follow, max-snippet:-1, max-image-preview:large, max-video-preview:-1\" \/>\n<link rel=\"canonical\" href=\"https:\/\/aloumim.com\/index.php\/2025\/11\/09\/simone-veil-israel-et-les-enfants-caches\/\" \/>\n<meta property=\"og:locale\" content=\"fr_FR\" \/>\n<meta property=\"og:type\" content=\"article\" \/>\n<meta property=\"og:title\" content=\"Simone Veil, Isra\u00ebl et \u00ab\u00a0les enfants cach\u00e9s\u00a0\u00bb - aloumim.com\" \/>\n<meta property=\"og:description\" content=\"Imp\u00e9riale et bienveillante, impatiente et g\u00e9n\u00e9reuse, lucide et courageuse\u2026Les nombreux hommages rendus \u00e0 Simone Veil, dans ses diff\u00e9rentes fonctions et responsabilit\u00e9s, ont permis d\u2019\u00e9voquer sa personnalit\u00e9 exceptionnelle, ses actions, son temp\u00e9rament, et m\u00eame son intimit\u00e9 amicale et familiale. Je souhaite donc simplement ajouter quelques souvenirs et certaines de ses pens\u00e9es concernant Isra\u00ebl et \u00ab les [&hellip;]\" \/>\n<meta property=\"og:url\" content=\"https:\/\/aloumim.com\/index.php\/2025\/11\/09\/simone-veil-israel-et-les-enfants-caches\/\" \/>\n<meta property=\"og:site_name\" content=\"aloumim.com\" \/>\n<meta property=\"article:published_time\" content=\"2025-11-09T10:34:50+00:00\" \/>\n<meta property=\"article:modified_time\" content=\"2025-11-09T10:34:52+00:00\" \/>\n<meta name=\"author\" content=\"aloumim.com\" \/>\n<meta name=\"twitter:card\" content=\"summary_large_image\" \/>\n<meta name=\"twitter:label1\" content=\"\u00c9crit par\" \/>\n\t<meta name=\"twitter:data1\" content=\"aloumim.com\" \/>\n\t<meta name=\"twitter:label2\" content=\"Dur\u00e9e de lecture estim\u00e9e\" \/>\n\t<meta name=\"twitter:data2\" content=\"3 minutes\" \/>\n<script type=\"application\/ld+json\" class=\"yoast-schema-graph\">{\"@context\":\"https:\/\/schema.org\",\"@graph\":[{\"@type\":\"Article\",\"@id\":\"https:\/\/aloumim.com\/index.php\/2025\/11\/09\/simone-veil-israel-et-les-enfants-caches\/#article\",\"isPartOf\":{\"@id\":\"https:\/\/aloumim.com\/index.php\/2025\/11\/09\/simone-veil-israel-et-les-enfants-caches\/\"},\"author\":{\"name\":\"aloumim.com\",\"@id\":\"https:\/\/aloumim.com\/#\/schema\/person\/1e210bcaa48b45597528e561d137d67f\"},\"headline\":\"Simone Veil, Isra\u00ebl et \u00ab\u00a0les enfants cach\u00e9s\u00a0\u00bb\",\"datePublished\":\"2025-11-09T10:34:50+00:00\",\"dateModified\":\"2025-11-09T10:34:52+00:00\",\"mainEntityOfPage\":{\"@id\":\"https:\/\/aloumim.com\/index.php\/2025\/11\/09\/simone-veil-israel-et-les-enfants-caches\/\"},\"wordCount\":689,\"commentCount\":0,\"publisher\":{\"@id\":\"https:\/\/aloumim.com\/#organization\"},\"articleSection\":[\"Fait historique\"],\"inLanguage\":\"fr-FR\",\"potentialAction\":[{\"@type\":\"CommentAction\",\"name\":\"Comment\",\"target\":[\"https:\/\/aloumim.com\/index.php\/2025\/11\/09\/simone-veil-israel-et-les-enfants-caches\/#respond\"]}]},{\"@type\":\"WebPage\",\"@id\":\"https:\/\/aloumim.com\/index.php\/2025\/11\/09\/simone-veil-israel-et-les-enfants-caches\/\",\"url\":\"https:\/\/aloumim.com\/index.php\/2025\/11\/09\/simone-veil-israel-et-les-enfants-caches\/\",\"name\":\"Simone Veil, Isra\u00ebl et \u00ab\u00a0les enfants cach\u00e9s\u00a0\u00bb - aloumim.com\",\"isPartOf\":{\"@id\":\"https:\/\/aloumim.com\/#website\"},\"datePublished\":\"2025-11-09T10:34:50+00:00\",\"dateModified\":\"2025-11-09T10:34:52+00:00\",\"breadcrumb\":{\"@id\":\"https:\/\/aloumim.com\/index.php\/2025\/11\/09\/simone-veil-israel-et-les-enfants-caches\/#breadcrumb\"},\"inLanguage\":\"fr-FR\",\"potentialAction\":[{\"@type\":\"ReadAction\",\"target\":[\"https:\/\/aloumim.com\/index.php\/2025\/11\/09\/simone-veil-israel-et-les-enfants-caches\/\"]}]},{\"@type\":\"BreadcrumbList\",\"@id\":\"https:\/\/aloumim.com\/index.php\/2025\/11\/09\/simone-veil-israel-et-les-enfants-caches\/#breadcrumb\",\"itemListElement\":[{\"@type\":\"ListItem\",\"position\":1,\"name\":\"Accueil\",\"item\":\"https:\/\/aloumim.com\/\"},{\"@type\":\"ListItem\",\"position\":2,\"name\":\"Simone Veil, Isra\u00ebl et \u00ab\u00a0les enfants cach\u00e9s\u00a0\u00bb\"}]},{\"@type\":\"WebSite\",\"@id\":\"https:\/\/aloumim.com\/#website\",\"url\":\"https:\/\/aloumim.com\/\",\"name\":\"aloumim.com\",\"description\":\"\",\"publisher\":{\"@id\":\"https:\/\/aloumim.com\/#organization\"},\"potentialAction\":[{\"@type\":\"SearchAction\",\"target\":{\"@type\":\"EntryPoint\",\"urlTemplate\":\"https:\/\/aloumim.com\/?s={search_term_string}\"},\"query-input\":\"required name=search_term_string\"}],\"inLanguage\":\"fr-FR\"},{\"@type\":\"Organization\",\"@id\":\"https:\/\/aloumim.com\/#organization\",\"name\":\"aloumim.com\",\"url\":\"https:\/\/aloumim.com\/\",\"logo\":{\"@type\":\"ImageObject\",\"inLanguage\":\"fr-FR\",\"@id\":\"https:\/\/aloumim.com\/#\/schema\/logo\/image\/\",\"url\":\"https:\/\/aloumim.com\/wp-content\/uploads\/2023\/08\/Group-38-1.png\",\"contentUrl\":\"https:\/\/aloumim.com\/wp-content\/uploads\/2023\/08\/Group-38-1.png\",\"width\":3756,\"height\":565,\"caption\":\"aloumim.com\"},\"image\":{\"@id\":\"https:\/\/aloumim.com\/#\/schema\/logo\/image\/\"}},{\"@type\":\"Person\",\"@id\":\"https:\/\/aloumim.com\/#\/schema\/person\/1e210bcaa48b45597528e561d137d67f\",\"name\":\"aloumim.com\",\"image\":{\"@type\":\"ImageObject\",\"inLanguage\":\"fr-FR\",\"@id\":\"https:\/\/aloumim.com\/#\/schema\/person\/image\/\",\"url\":\"https:\/\/secure.gravatar.com\/avatar\/8a9a2bcebdd0538655c317bed232bb1c1e5591764aa940825bd737732adb15e5?s=96&d=mm&r=g\",\"contentUrl\":\"https:\/\/secure.gravatar.com\/avatar\/8a9a2bcebdd0538655c317bed232bb1c1e5591764aa940825bd737732adb15e5?s=96&d=mm&r=g\",\"caption\":\"aloumim.com\"},\"sameAs\":[\"http:\/\/aloumim.com\"],\"url\":\"https:\/\/aloumim.com\/index.php\/author\/aloumim-com\/\"}]}<\/script>\n<!-- \/ Yoast SEO plugin. -->","yoast_head_json":{"title":"Simone Veil, Isra\u00ebl et \u00ab\u00a0les enfants cach\u00e9s\u00a0\u00bb - aloumim.com","robots":{"index":"index","follow":"follow","max-snippet":"max-snippet:-1","max-image-preview":"max-image-preview:large","max-video-preview":"max-video-preview:-1"},"canonical":"https:\/\/aloumim.com\/index.php\/2025\/11\/09\/simone-veil-israel-et-les-enfants-caches\/","og_locale":"fr_FR","og_type":"article","og_title":"Simone Veil, Isra\u00ebl et \u00ab\u00a0les enfants cach\u00e9s\u00a0\u00bb - aloumim.com","og_description":"Imp\u00e9riale et bienveillante, impatiente et g\u00e9n\u00e9reuse, lucide et courageuse\u2026Les nombreux hommages rendus \u00e0 Simone Veil, dans ses diff\u00e9rentes fonctions et responsabilit\u00e9s, ont permis d\u2019\u00e9voquer sa personnalit\u00e9 exceptionnelle, ses actions, son temp\u00e9rament, et m\u00eame son intimit\u00e9 amicale et familiale. Je souhaite donc simplement ajouter quelques souvenirs et certaines de ses pens\u00e9es concernant Isra\u00ebl et \u00ab les [&hellip;]","og_url":"https:\/\/aloumim.com\/index.php\/2025\/11\/09\/simone-veil-israel-et-les-enfants-caches\/","og_site_name":"aloumim.com","article_published_time":"2025-11-09T10:34:50+00:00","article_modified_time":"2025-11-09T10:34:52+00:00","author":"aloumim.com","twitter_card":"summary_large_image","twitter_misc":{"\u00c9crit par":"aloumim.com","Dur\u00e9e de lecture estim\u00e9e":"3 minutes"},"schema":{"@context":"https:\/\/schema.org","@graph":[{"@type":"Article","@id":"https:\/\/aloumim.com\/index.php\/2025\/11\/09\/simone-veil-israel-et-les-enfants-caches\/#article","isPartOf":{"@id":"https:\/\/aloumim.com\/index.php\/2025\/11\/09\/simone-veil-israel-et-les-enfants-caches\/"},"author":{"name":"aloumim.com","@id":"https:\/\/aloumim.com\/#\/schema\/person\/1e210bcaa48b45597528e561d137d67f"},"headline":"Simone Veil, Isra\u00ebl et \u00ab\u00a0les enfants cach\u00e9s\u00a0\u00bb","datePublished":"2025-11-09T10:34:50+00:00","dateModified":"2025-11-09T10:34:52+00:00","mainEntityOfPage":{"@id":"https:\/\/aloumim.com\/index.php\/2025\/11\/09\/simone-veil-israel-et-les-enfants-caches\/"},"wordCount":689,"commentCount":0,"publisher":{"@id":"https:\/\/aloumim.com\/#organization"},"articleSection":["Fait historique"],"inLanguage":"fr-FR","potentialAction":[{"@type":"CommentAction","name":"Comment","target":["https:\/\/aloumim.com\/index.php\/2025\/11\/09\/simone-veil-israel-et-les-enfants-caches\/#respond"]}]},{"@type":"WebPage","@id":"https:\/\/aloumim.com\/index.php\/2025\/11\/09\/simone-veil-israel-et-les-enfants-caches\/","url":"https:\/\/aloumim.com\/index.php\/2025\/11\/09\/simone-veil-israel-et-les-enfants-caches\/","name":"Simone Veil, Isra\u00ebl et \u00ab\u00a0les enfants cach\u00e9s\u00a0\u00bb - aloumim.com","isPartOf":{"@id":"https:\/\/aloumim.com\/#website"},"datePublished":"2025-11-09T10:34:50+00:00","dateModified":"2025-11-09T10:34:52+00:00","breadcrumb":{"@id":"https:\/\/aloumim.com\/index.php\/2025\/11\/09\/simone-veil-israel-et-les-enfants-caches\/#breadcrumb"},"inLanguage":"fr-FR","potentialAction":[{"@type":"ReadAction","target":["https:\/\/aloumim.com\/index.php\/2025\/11\/09\/simone-veil-israel-et-les-enfants-caches\/"]}]},{"@type":"BreadcrumbList","@id":"https:\/\/aloumim.com\/index.php\/2025\/11\/09\/simone-veil-israel-et-les-enfants-caches\/#breadcrumb","itemListElement":[{"@type":"ListItem","position":1,"name":"Accueil","item":"https:\/\/aloumim.com\/"},{"@type":"ListItem","position":2,"name":"Simone Veil, Isra\u00ebl et \u00ab\u00a0les enfants cach\u00e9s\u00a0\u00bb"}]},{"@type":"WebSite","@id":"https:\/\/aloumim.com\/#website","url":"https:\/\/aloumim.com\/","name":"aloumim.com","description":"","publisher":{"@id":"https:\/\/aloumim.com\/#organization"},"potentialAction":[{"@type":"SearchAction","target":{"@type":"EntryPoint","urlTemplate":"https:\/\/aloumim.com\/?s={search_term_string}"},"query-input":"required name=search_term_string"}],"inLanguage":"fr-FR"},{"@type":"Organization","@id":"https:\/\/aloumim.com\/#organization","name":"aloumim.com","url":"https:\/\/aloumim.com\/","logo":{"@type":"ImageObject","inLanguage":"fr-FR","@id":"https:\/\/aloumim.com\/#\/schema\/logo\/image\/","url":"https:\/\/aloumim.com\/wp-content\/uploads\/2023\/08\/Group-38-1.png","contentUrl":"https:\/\/aloumim.com\/wp-content\/uploads\/2023\/08\/Group-38-1.png","width":3756,"height":565,"caption":"aloumim.com"},"image":{"@id":"https:\/\/aloumim.com\/#\/schema\/logo\/image\/"}},{"@type":"Person","@id":"https:\/\/aloumim.com\/#\/schema\/person\/1e210bcaa48b45597528e561d137d67f","name":"aloumim.com","image":{"@type":"ImageObject","inLanguage":"fr-FR","@id":"https:\/\/aloumim.com\/#\/schema\/person\/image\/","url":"https:\/\/secure.gravatar.com\/avatar\/8a9a2bcebdd0538655c317bed232bb1c1e5591764aa940825bd737732adb15e5?s=96&d=mm&r=g","contentUrl":"https:\/\/secure.gravatar.com\/avatar\/8a9a2bcebdd0538655c317bed232bb1c1e5591764aa940825bd737732adb15e5?s=96&d=mm&r=g","caption":"aloumim.com"},"sameAs":["http:\/\/aloumim.com"],"url":"https:\/\/aloumim.com\/index.php\/author\/aloumim-com\/"}]}},"jetpack_featured_media_url":"","_links":{"self":[{"href":"https:\/\/aloumim.com\/index.php\/wp-json\/wp\/v2\/posts\/1154","targetHints":{"allow":["GET"]}}],"collection":[{"href":"https:\/\/aloumim.com\/index.php\/wp-json\/wp\/v2\/posts"}],"about":[{"href":"https:\/\/aloumim.com\/index.php\/wp-json\/wp\/v2\/types\/post"}],"author":[{"embeddable":true,"href":"https:\/\/aloumim.com\/index.php\/wp-json\/wp\/v2\/users\/1"}],"replies":[{"embeddable":true,"href":"https:\/\/aloumim.com\/index.php\/wp-json\/wp\/v2\/comments?post=1154"}],"version-history":[{"count":1,"href":"https:\/\/aloumim.com\/index.php\/wp-json\/wp\/v2\/posts\/1154\/revisions"}],"predecessor-version":[{"id":1155,"href":"https:\/\/aloumim.com\/index.php\/wp-json\/wp\/v2\/posts\/1154\/revisions\/1155"}],"wp:attachment":[{"href":"https:\/\/aloumim.com\/index.php\/wp-json\/wp\/v2\/media?parent=1154"}],"wp:term":[{"taxonomy":"category","embeddable":true,"href":"https:\/\/aloumim.com\/index.php\/wp-json\/wp\/v2\/categories?post=1154"},{"taxonomy":"post_tag","embeddable":true,"href":"https:\/\/aloumim.com\/index.php\/wp-json\/wp\/v2\/tags?post=1154"}],"curies":[{"name":"wp","href":"https:\/\/api.w.org\/{rel}","templated":true}]}}