{"id":1169,"date":"2025-11-18T10:25:00","date_gmt":"2025-11-18T09:25:00","guid":{"rendered":"https:\/\/aloumim.com\/?p=1169"},"modified":"2025-11-18T10:26:09","modified_gmt":"2025-11-18T09:26:09","slug":"ceremonie-a-yad-vashem-et-representation-daloumim","status":"publish","type":"post","link":"https:\/\/aloumim.com\/index.php\/2025\/11\/18\/ceremonie-a-yad-vashem-et-representation-daloumim\/","title":{"rendered":"C\u00e9r\u00e9monie \u00e0 Yad Vashem et Repr\u00e9sentation d\u2019Aloumim"},"content":{"rendered":"\n<p>Le <strong>16 novembre<\/strong>, <strong>Aline Deutscher<\/strong> et <strong>Shlomo Balsam<\/strong> ont repr\u00e9sent\u00e9 <strong>Aloumim<\/strong> lors d\u2019une c\u00e9r\u00e9monie de d\u00e9p\u00f4t de gerbe \u00e0 <strong>Yad Vashem<\/strong>, organis\u00e9e \u00e0 l\u2019occasion de la visite en Isra\u00ebl d\u2019une d\u00e9l\u00e9gation de s\u00e9nateurs fran\u00e7ais.<\/p>\n\n\n\n<p>La c\u00e9r\u00e9monie, pr\u00e9sid\u00e9e par les autorit\u00e9s de Yad Vashem, a \u00e9t\u00e9 un moment fort d\u00e9di\u00e9 \u00e0 la m\u00e9moire des victimes de la Shoah et au lien profond entre <strong>la France<\/strong>, <strong>Isra\u00ebl<\/strong> et <strong>la transmission universelle<\/strong>.<\/p>\n\n\n\n<p>La visite guid\u00e9e par <strong>Shlomo Balsam<\/strong>, historien de la Shoah, guide \u00e0 Yad Vashem et en Pologne, \u00e9ducateur, auteur, Chevalier de l\u2019Ordre national du M\u00e9rite et pr\u00e9sident d\u2019honneur d\u2019Aloumim, a \u00e9t\u00e9 <strong>particuli\u00e8rement \u00e9mouvante<\/strong>.<\/p>\n\n\n\n<figure class=\"wp-block-gallery has-nested-images columns-default is-cropped wp-block-gallery-1 is-layout-flex wp-block-gallery-is-layout-flex\">\n<figure class=\"wp-block-image size-large\"><img loading=\"lazy\" decoding=\"async\" width=\"771\" height=\"1024\" data-id=\"1175\" src=\"https:\/\/aloumim.com\/wp-content\/uploads\/2025\/11\/WhatsApp-Image-2025-11-18-at-08.49.39-1-771x1024.jpeg\" alt=\"\" class=\"wp-image-1175\"\/><\/figure>\n\n\n\n<figure class=\"wp-block-image size-large\"><img loading=\"lazy\" decoding=\"async\" width=\"1024\" height=\"771\" data-id=\"1177\" src=\"https:\/\/aloumim.com\/wp-content\/uploads\/2025\/11\/WhatsApp-Image-2025-11-18-at-08.49.40-1-1-1024x771.jpeg\" alt=\"\" class=\"wp-image-1177\" srcset=\"https:\/\/aloumim.com\/wp-content\/uploads\/2025\/11\/WhatsApp-Image-2025-11-18-at-08.49.40-1-1-980x737.jpeg 980w, https:\/\/aloumim.com\/wp-content\/uploads\/2025\/11\/WhatsApp-Image-2025-11-18-at-08.49.40-1-1-480x361.jpeg 480w\" sizes=\"auto, (min-width: 0px) and (max-width: 480px) 480px, (min-width: 481px) and (max-width: 980px) 980px, (min-width: 981px) 1024px, 100vw\" \/><\/figure>\n\n\n\n<figure class=\"wp-block-image size-large\"><img loading=\"lazy\" decoding=\"async\" width=\"771\" height=\"1024\" data-id=\"1174\" src=\"https:\/\/aloumim.com\/wp-content\/uploads\/2025\/11\/WhatsApp-Image-2025-11-18-at-08.49.40-2-1-771x1024.jpeg\" alt=\"\" class=\"wp-image-1174\"\/><\/figure>\n\n\n\n<figure class=\"wp-block-image size-large\"><img loading=\"lazy\" decoding=\"async\" width=\"771\" height=\"1024\" data-id=\"1178\" src=\"https:\/\/aloumim.com\/wp-content\/uploads\/2025\/11\/WhatsApp-Image-2025-11-18-at-08.49.40-3-771x1024.jpeg\" alt=\"\" class=\"wp-image-1178\"\/><\/figure>\n\n\n\n<figure class=\"wp-block-image size-large\"><img loading=\"lazy\" decoding=\"async\" width=\"771\" height=\"1024\" data-id=\"1176\" src=\"https:\/\/aloumim.com\/wp-content\/uploads\/2025\/11\/WhatsApp-Image-2025-11-18-at-08.49.40-771x1024.jpeg\" alt=\"\" class=\"wp-image-1176\"\/><\/figure>\n\n\n\n<figure class=\"wp-block-image size-large\"><img loading=\"lazy\" decoding=\"async\" width=\"1024\" height=\"768\" data-id=\"1179\" src=\"https:\/\/aloumim.com\/wp-content\/uploads\/2025\/11\/WhatsApp-Image-2025-11-18-at-08.49.20-1-1024x768.jpeg\" alt=\"\" class=\"wp-image-1179\" srcset=\"https:\/\/aloumim.com\/wp-content\/uploads\/2025\/11\/WhatsApp-Image-2025-11-18-at-08.49.20-1-980x735.jpeg 980w, https:\/\/aloumim.com\/wp-content\/uploads\/2025\/11\/WhatsApp-Image-2025-11-18-at-08.49.20-1-480x360.jpeg 480w\" sizes=\"auto, (min-width: 0px) and (max-width: 480px) 480px, (min-width: 481px) and (max-width: 980px) 980px, (min-width: 981px) 1024px, 100vw\" \/><\/figure>\n<\/figure>\n\n\n\n<p><strong>\ud83d\udcdc Invitation officielle <\/strong><\/p>\n\n\n\n<p><strong>Chers amis,<\/strong><\/p>\n\n\n\n<p>Nous avons l\u2019honneur de vous convier \u00e0 une c\u00e9r\u00e9monie de d\u00e9p\u00f4t de gerbe \u00e0 Yad Vashem, organis\u00e9e \u00e0 l\u2019occasion de la visite en Isra\u00ebl d\u2019une d\u00e9l\u00e9gation de s\u00e9nateurs fran\u00e7ais :<\/p>\n\n\n\n<ul class=\"wp-block-list\">\n<li>Mme la S\u00e9natrice <strong>\u00c9velyne Renaud-Garabedian<\/strong><\/li>\n\n\n\n<li>Mme la S\u00e9natrice <strong>Sophie Briante-Guillmont<\/strong><\/li>\n\n\n\n<li>M. le S\u00e9nateur <strong>Jean-Luc Ruelle<\/strong><\/li>\n<\/ul>\n\n\n\n<p><strong>\ud83d\uddd3\ufe0f Dimanche 16 novembre \u2013 10h45<\/strong><br><strong>\ud83d\udccd Yad Vashem, J\u00e9rusalem<\/strong><\/p>\n\n\n\n<p>La c\u00e9r\u00e9monie sera suivie d\u2019une visite guid\u00e9e par <strong>M. Shlomo Balsam<\/strong>.<\/p>\n\n\n\n<p>Elle rendra hommage aux victimes de la Shoah et symbolise le lien ind\u00e9fectible entre la France, Isra\u00ebl et la m\u00e9moire universelle.<\/p>\n\n\n\n<p>Avec nos salutations les plus respectueuses,<br><strong>M. G\u00e9rard Pomper<\/strong><br>Pr\u00e9sident \u2013 UFE Isra\u00ebl<br>Membre du conseil d&rsquo;administration \u2013 UFE Monde<\/p>\n\n\n\n<p><strong>Me David Castro<\/strong><\/p>\n","protected":false},"excerpt":{"rendered":"<p>Le 16 novembre, Aline Deutscher et Shlomo Balsam ont repr\u00e9sent\u00e9 Aloumim lors d\u2019une c\u00e9r\u00e9monie de d\u00e9p\u00f4t de gerbe \u00e0 Yad Vashem, organis\u00e9e \u00e0 l\u2019occasion de la visite en Isra\u00ebl d\u2019une d\u00e9l\u00e9gation de s\u00e9nateurs fran\u00e7ais. La c\u00e9r\u00e9monie, pr\u00e9sid\u00e9e par les autorit\u00e9s de Yad Vashem, a \u00e9t\u00e9 un moment fort d\u00e9di\u00e9 \u00e0 la m\u00e9moire des victimes de [&hellip;]<\/p>\n","protected":false},"author":1,"featured_media":1171,"comment_status":"open","ping_status":"open","sticky":false,"template":"","format":"standard","meta":{"_et_pb_use_builder":"off","_et_pb_old_content":"","_et_gb_content_width":"1080","om_disable_all_campaigns":false,"_monsterinsights_skip_tracking":false,"_monsterinsights_sitenote_active":false,"_monsterinsights_sitenote_note":"","_monsterinsights_sitenote_category":0,"footnotes":""},"categories":[18,17],"tags":[],"class_list":["post-1169","post","type-post","status-publish","format-standard","has-post-thumbnail","hentry","category-actualite","category-vie-de-lassociation"],"yoast_head":"<!-- This site is optimized with the Yoast SEO plugin v20.13 - https:\/\/yoast.com\/wordpress\/plugins\/seo\/ -->\n<title>C\u00e9r\u00e9monie \u00e0 Yad Vashem et Repr\u00e9sentation d\u2019Aloumim - aloumim.com<\/title>\n<meta name=\"robots\" content=\"index, follow, max-snippet:-1, max-image-preview:large, max-video-preview:-1\" \/>\n<link rel=\"canonical\" href=\"https:\/\/aloumim.com\/index.php\/2025\/11\/18\/ceremonie-a-yad-vashem-et-representation-daloumim\/\" \/>\n<meta property=\"og:locale\" content=\"fr_FR\" \/>\n<meta property=\"og:type\" content=\"article\" \/>\n<meta property=\"og:title\" content=\"C\u00e9r\u00e9monie \u00e0 Yad Vashem et Repr\u00e9sentation d\u2019Aloumim - aloumim.com\" \/>\n<meta property=\"og:description\" content=\"Le 16 novembre, Aline Deutscher et Shlomo Balsam ont repr\u00e9sent\u00e9 Aloumim lors d\u2019une c\u00e9r\u00e9monie de d\u00e9p\u00f4t de gerbe \u00e0 Yad Vashem, organis\u00e9e \u00e0 l\u2019occasion de la visite en Isra\u00ebl d\u2019une d\u00e9l\u00e9gation de s\u00e9nateurs fran\u00e7ais. La c\u00e9r\u00e9monie, pr\u00e9sid\u00e9e par les autorit\u00e9s de Yad Vashem, a \u00e9t\u00e9 un moment fort d\u00e9di\u00e9 \u00e0 la m\u00e9moire des victimes de [&hellip;]\" \/>\n<meta property=\"og:url\" content=\"https:\/\/aloumim.com\/index.php\/2025\/11\/18\/ceremonie-a-yad-vashem-et-representation-daloumim\/\" \/>\n<meta property=\"og:site_name\" content=\"aloumim.com\" \/>\n<meta property=\"article:published_time\" content=\"2025-11-18T09:25:00+00:00\" \/>\n<meta property=\"article:modified_time\" content=\"2025-11-18T09:26:09+00:00\" \/>\n<meta property=\"og:image\" content=\"http:\/\/aloumim.com\/wp-content\/uploads\/2025\/11\/WhatsApp-Image-2025-11-18-at-08.49.40-2.jpeg\" \/>\n\t<meta property=\"og:image:width\" content=\"1204\" \/>\n\t<meta property=\"og:image:height\" content=\"1600\" \/>\n\t<meta property=\"og:image:type\" content=\"image\/jpeg\" \/>\n<meta name=\"author\" content=\"aloumim.com\" \/>\n<meta name=\"twitter:card\" content=\"summary_large_image\" \/>\n<meta name=\"twitter:label1\" content=\"\u00c9crit par\" \/>\n\t<meta name=\"twitter:data1\" content=\"aloumim.com\" \/>\n\t<meta name=\"twitter:label2\" content=\"Dur\u00e9e de lecture estim\u00e9e\" \/>\n\t<meta name=\"twitter:data2\" content=\"3 minutes\" \/>\n<script type=\"application\/ld+json\" class=\"yoast-schema-graph\">{\"@context\":\"https:\/\/schema.org\",\"@graph\":[{\"@type\":\"Article\",\"@id\":\"https:\/\/aloumim.com\/index.php\/2025\/11\/18\/ceremonie-a-yad-vashem-et-representation-daloumim\/#article\",\"isPartOf\":{\"@id\":\"https:\/\/aloumim.com\/index.php\/2025\/11\/18\/ceremonie-a-yad-vashem-et-representation-daloumim\/\"},\"author\":{\"name\":\"aloumim.com\",\"@id\":\"https:\/\/aloumim.com\/#\/schema\/person\/1e210bcaa48b45597528e561d137d67f\"},\"headline\":\"C\u00e9r\u00e9monie \u00e0 Yad Vashem et Repr\u00e9sentation d\u2019Aloumim\",\"datePublished\":\"2025-11-18T09:25:00+00:00\",\"dateModified\":\"2025-11-18T09:26:09+00:00\",\"mainEntityOfPage\":{\"@id\":\"https:\/\/aloumim.com\/index.php\/2025\/11\/18\/ceremonie-a-yad-vashem-et-representation-daloumim\/\"},\"wordCount\":267,\"commentCount\":0,\"publisher\":{\"@id\":\"https:\/\/aloumim.com\/#organization\"},\"articleSection\":[\"Actualit\u00e9\",\"Vie de l'association\"],\"inLanguage\":\"fr-FR\",\"potentialAction\":[{\"@type\":\"CommentAction\",\"name\":\"Comment\",\"target\":[\"https:\/\/aloumim.com\/index.php\/2025\/11\/18\/ceremonie-a-yad-vashem-et-representation-daloumim\/#respond\"]}]},{\"@type\":\"WebPage\",\"@id\":\"https:\/\/aloumim.com\/index.php\/2025\/11\/18\/ceremonie-a-yad-vashem-et-representation-daloumim\/\",\"url\":\"https:\/\/aloumim.com\/index.php\/2025\/11\/18\/ceremonie-a-yad-vashem-et-representation-daloumim\/\",\"name\":\"C\u00e9r\u00e9monie \u00e0 Yad Vashem et Repr\u00e9sentation d\u2019Aloumim - aloumim.com\",\"isPartOf\":{\"@id\":\"https:\/\/aloumim.com\/#website\"},\"datePublished\":\"2025-11-18T09:25:00+00:00\",\"dateModified\":\"2025-11-18T09:26:09+00:00\",\"breadcrumb\":{\"@id\":\"https:\/\/aloumim.com\/index.php\/2025\/11\/18\/ceremonie-a-yad-vashem-et-representation-daloumim\/#breadcrumb\"},\"inLanguage\":\"fr-FR\",\"potentialAction\":[{\"@type\":\"ReadAction\",\"target\":[\"https:\/\/aloumim.com\/index.php\/2025\/11\/18\/ceremonie-a-yad-vashem-et-representation-daloumim\/\"]}]},{\"@type\":\"BreadcrumbList\",\"@id\":\"https:\/\/aloumim.com\/index.php\/2025\/11\/18\/ceremonie-a-yad-vashem-et-representation-daloumim\/#breadcrumb\",\"itemListElement\":[{\"@type\":\"ListItem\",\"position\":1,\"name\":\"Accueil\",\"item\":\"https:\/\/aloumim.com\/\"},{\"@type\":\"ListItem\",\"position\":2,\"name\":\"C\u00e9r\u00e9monie \u00e0 Yad Vashem et Repr\u00e9sentation d\u2019Aloumim\"}]},{\"@type\":\"WebSite\",\"@id\":\"https:\/\/aloumim.com\/#website\",\"url\":\"https:\/\/aloumim.com\/\",\"name\":\"aloumim.com\",\"description\":\"\",\"publisher\":{\"@id\":\"https:\/\/aloumim.com\/#organization\"},\"potentialAction\":[{\"@type\":\"SearchAction\",\"target\":{\"@type\":\"EntryPoint\",\"urlTemplate\":\"https:\/\/aloumim.com\/?s={search_term_string}\"},\"query-input\":\"required name=search_term_string\"}],\"inLanguage\":\"fr-FR\"},{\"@type\":\"Organization\",\"@id\":\"https:\/\/aloumim.com\/#organization\",\"name\":\"aloumim.com\",\"url\":\"https:\/\/aloumim.com\/\",\"logo\":{\"@type\":\"ImageObject\",\"inLanguage\":\"fr-FR\",\"@id\":\"https:\/\/aloumim.com\/#\/schema\/logo\/image\/\",\"url\":\"https:\/\/aloumim.com\/wp-content\/uploads\/2023\/08\/Group-38-1.png\",\"contentUrl\":\"https:\/\/aloumim.com\/wp-content\/uploads\/2023\/08\/Group-38-1.png\",\"width\":3756,\"height\":565,\"caption\":\"aloumim.com\"},\"image\":{\"@id\":\"https:\/\/aloumim.com\/#\/schema\/logo\/image\/\"}},{\"@type\":\"Person\",\"@id\":\"https:\/\/aloumim.com\/#\/schema\/person\/1e210bcaa48b45597528e561d137d67f\",\"name\":\"aloumim.com\",\"image\":{\"@type\":\"ImageObject\",\"inLanguage\":\"fr-FR\",\"@id\":\"https:\/\/aloumim.com\/#\/schema\/person\/image\/\",\"url\":\"https:\/\/secure.gravatar.com\/avatar\/8a9a2bcebdd0538655c317bed232bb1c1e5591764aa940825bd737732adb15e5?s=96&d=mm&r=g\",\"contentUrl\":\"https:\/\/secure.gravatar.com\/avatar\/8a9a2bcebdd0538655c317bed232bb1c1e5591764aa940825bd737732adb15e5?s=96&d=mm&r=g\",\"caption\":\"aloumim.com\"},\"sameAs\":[\"http:\/\/aloumim.com\"],\"url\":\"https:\/\/aloumim.com\/index.php\/author\/aloumim-com\/\"}]}<\/script>\n<!-- \/ Yoast SEO plugin. -->","yoast_head_json":{"title":"C\u00e9r\u00e9monie \u00e0 Yad Vashem et Repr\u00e9sentation d\u2019Aloumim - aloumim.com","robots":{"index":"index","follow":"follow","max-snippet":"max-snippet:-1","max-image-preview":"max-image-preview:large","max-video-preview":"max-video-preview:-1"},"canonical":"https:\/\/aloumim.com\/index.php\/2025\/11\/18\/ceremonie-a-yad-vashem-et-representation-daloumim\/","og_locale":"fr_FR","og_type":"article","og_title":"C\u00e9r\u00e9monie \u00e0 Yad Vashem et Repr\u00e9sentation d\u2019Aloumim - aloumim.com","og_description":"Le 16 novembre, Aline Deutscher et Shlomo Balsam ont repr\u00e9sent\u00e9 Aloumim lors d\u2019une c\u00e9r\u00e9monie de d\u00e9p\u00f4t de gerbe \u00e0 Yad Vashem, organis\u00e9e \u00e0 l\u2019occasion de la visite en Isra\u00ebl d\u2019une d\u00e9l\u00e9gation de s\u00e9nateurs fran\u00e7ais. La c\u00e9r\u00e9monie, pr\u00e9sid\u00e9e par les autorit\u00e9s de Yad Vashem, a \u00e9t\u00e9 un moment fort d\u00e9di\u00e9 \u00e0 la m\u00e9moire des victimes de [&hellip;]","og_url":"https:\/\/aloumim.com\/index.php\/2025\/11\/18\/ceremonie-a-yad-vashem-et-representation-daloumim\/","og_site_name":"aloumim.com","article_published_time":"2025-11-18T09:25:00+00:00","article_modified_time":"2025-11-18T09:26:09+00:00","og_image":[{"width":1204,"height":1600,"url":"http:\/\/aloumim.com\/wp-content\/uploads\/2025\/11\/WhatsApp-Image-2025-11-18-at-08.49.40-2.jpeg","type":"image\/jpeg"}],"author":"aloumim.com","twitter_card":"summary_large_image","twitter_misc":{"\u00c9crit par":"aloumim.com","Dur\u00e9e de lecture estim\u00e9e":"3 minutes"},"schema":{"@context":"https:\/\/schema.org","@graph":[{"@type":"Article","@id":"https:\/\/aloumim.com\/index.php\/2025\/11\/18\/ceremonie-a-yad-vashem-et-representation-daloumim\/#article","isPartOf":{"@id":"https:\/\/aloumim.com\/index.php\/2025\/11\/18\/ceremonie-a-yad-vashem-et-representation-daloumim\/"},"author":{"name":"aloumim.com","@id":"https:\/\/aloumim.com\/#\/schema\/person\/1e210bcaa48b45597528e561d137d67f"},"headline":"C\u00e9r\u00e9monie \u00e0 Yad Vashem et Repr\u00e9sentation d\u2019Aloumim","datePublished":"2025-11-18T09:25:00+00:00","dateModified":"2025-11-18T09:26:09+00:00","mainEntityOfPage":{"@id":"https:\/\/aloumim.com\/index.php\/2025\/11\/18\/ceremonie-a-yad-vashem-et-representation-daloumim\/"},"wordCount":267,"commentCount":0,"publisher":{"@id":"https:\/\/aloumim.com\/#organization"},"articleSection":["Actualit\u00e9","Vie de l'association"],"inLanguage":"fr-FR","potentialAction":[{"@type":"CommentAction","name":"Comment","target":["https:\/\/aloumim.com\/index.php\/2025\/11\/18\/ceremonie-a-yad-vashem-et-representation-daloumim\/#respond"]}]},{"@type":"WebPage","@id":"https:\/\/aloumim.com\/index.php\/2025\/11\/18\/ceremonie-a-yad-vashem-et-representation-daloumim\/","url":"https:\/\/aloumim.com\/index.php\/2025\/11\/18\/ceremonie-a-yad-vashem-et-representation-daloumim\/","name":"C\u00e9r\u00e9monie \u00e0 Yad Vashem et Repr\u00e9sentation d\u2019Aloumim - aloumim.com","isPartOf":{"@id":"https:\/\/aloumim.com\/#website"},"datePublished":"2025-11-18T09:25:00+00:00","dateModified":"2025-11-18T09:26:09+00:00","breadcrumb":{"@id":"https:\/\/aloumim.com\/index.php\/2025\/11\/18\/ceremonie-a-yad-vashem-et-representation-daloumim\/#breadcrumb"},"inLanguage":"fr-FR","potentialAction":[{"@type":"ReadAction","target":["https:\/\/aloumim.com\/index.php\/2025\/11\/18\/ceremonie-a-yad-vashem-et-representation-daloumim\/"]}]},{"@type":"BreadcrumbList","@id":"https:\/\/aloumim.com\/index.php\/2025\/11\/18\/ceremonie-a-yad-vashem-et-representation-daloumim\/#breadcrumb","itemListElement":[{"@type":"ListItem","position":1,"name":"Accueil","item":"https:\/\/aloumim.com\/"},{"@type":"ListItem","position":2,"name":"C\u00e9r\u00e9monie \u00e0 Yad Vashem et Repr\u00e9sentation d\u2019Aloumim"}]},{"@type":"WebSite","@id":"https:\/\/aloumim.com\/#website","url":"https:\/\/aloumim.com\/","name":"aloumim.com","description":"","publisher":{"@id":"https:\/\/aloumim.com\/#organization"},"potentialAction":[{"@type":"SearchAction","target":{"@type":"EntryPoint","urlTemplate":"https:\/\/aloumim.com\/?s={search_term_string}"},"query-input":"required name=search_term_string"}],"inLanguage":"fr-FR"},{"@type":"Organization","@id":"https:\/\/aloumim.com\/#organization","name":"aloumim.com","url":"https:\/\/aloumim.com\/","logo":{"@type":"ImageObject","inLanguage":"fr-FR","@id":"https:\/\/aloumim.com\/#\/schema\/logo\/image\/","url":"https:\/\/aloumim.com\/wp-content\/uploads\/2023\/08\/Group-38-1.png","contentUrl":"https:\/\/aloumim.com\/wp-content\/uploads\/2023\/08\/Group-38-1.png","width":3756,"height":565,"caption":"aloumim.com"},"image":{"@id":"https:\/\/aloumim.com\/#\/schema\/logo\/image\/"}},{"@type":"Person","@id":"https:\/\/aloumim.com\/#\/schema\/person\/1e210bcaa48b45597528e561d137d67f","name":"aloumim.com","image":{"@type":"ImageObject","inLanguage":"fr-FR","@id":"https:\/\/aloumim.com\/#\/schema\/person\/image\/","url":"https:\/\/secure.gravatar.com\/avatar\/8a9a2bcebdd0538655c317bed232bb1c1e5591764aa940825bd737732adb15e5?s=96&d=mm&r=g","contentUrl":"https:\/\/secure.gravatar.com\/avatar\/8a9a2bcebdd0538655c317bed232bb1c1e5591764aa940825bd737732adb15e5?s=96&d=mm&r=g","caption":"aloumim.com"},"sameAs":["http:\/\/aloumim.com"],"url":"https:\/\/aloumim.com\/index.php\/author\/aloumim-com\/"}]}},"jetpack_featured_media_url":"https:\/\/aloumim.com\/wp-content\/uploads\/2025\/11\/WhatsApp-Image-2025-11-18-at-08.49.40-2.jpeg","_links":{"self":[{"href":"https:\/\/aloumim.com\/index.php\/wp-json\/wp\/v2\/posts\/1169","targetHints":{"allow":["GET"]}}],"collection":[{"href":"https:\/\/aloumim.com\/index.php\/wp-json\/wp\/v2\/posts"}],"about":[{"href":"https:\/\/aloumim.com\/index.php\/wp-json\/wp\/v2\/types\/post"}],"author":[{"embeddable":true,"href":"https:\/\/aloumim.com\/index.php\/wp-json\/wp\/v2\/users\/1"}],"replies":[{"embeddable":true,"href":"https:\/\/aloumim.com\/index.php\/wp-json\/wp\/v2\/comments?post=1169"}],"version-history":[{"count":1,"href":"https:\/\/aloumim.com\/index.php\/wp-json\/wp\/v2\/posts\/1169\/revisions"}],"predecessor-version":[{"id":1180,"href":"https:\/\/aloumim.com\/index.php\/wp-json\/wp\/v2\/posts\/1169\/revisions\/1180"}],"wp:featuredmedia":[{"embeddable":true,"href":"https:\/\/aloumim.com\/index.php\/wp-json\/wp\/v2\/media\/1171"}],"wp:attachment":[{"href":"https:\/\/aloumim.com\/index.php\/wp-json\/wp\/v2\/media?parent=1169"}],"wp:term":[{"taxonomy":"category","embeddable":true,"href":"https:\/\/aloumim.com\/index.php\/wp-json\/wp\/v2\/categories?post=1169"},{"taxonomy":"post_tag","embeddable":true,"href":"https:\/\/aloumim.com\/index.php\/wp-json\/wp\/v2\/tags?post=1169"}],"curies":[{"name":"wp","href":"https:\/\/api.w.org\/{rel}","templated":true}]}}