{"id":1357,"date":"2026-09-02T13:38:44","date_gmt":"2026-09-02T11:38:44","guid":{"rendered":"https:\/\/aloumim.com\/?p=1357"},"modified":"2026-09-02T13:40:33","modified_gmt":"2026-09-02T11:40:33","slug":"la-vengeance-netait-pas-de-tuer-des-nazis-mais-de-reconstruire-le-peuple-juif","status":"publish","type":"post","link":"https:\/\/aloumim.com\/index.php\/2026\/09\/02\/la-vengeance-netait-pas-de-tuer-des-nazis-mais-de-reconstruire-le-peuple-juif\/","title":{"rendered":"\u00ab La vengeance n\u2019\u00e9tait pas de tuer des nazis mais de reconstruire le peuple juif. \u00bb"},"content":{"rendered":"\n<p>Apr\u00e8s la Shoah, pour de nombreux enfants cach\u00e9s, la guerre ne s\u2019est pas vraiment termin\u00e9e en 1945.<\/p>\n\n\n\n<p>Il a fallu apprendre \u00e0 vivre, reconstruire une famille, trouver sa place\u2026 et parfois contribuer \u00e0 b\u00e2tir un nouvel avenir en Isra\u00ebl.<\/p>\n\n\n\n<p>Dans ce nouveau num\u00e9ro de <strong>M\u00e9moire Vive<\/strong>, Shlomo Balsam revient sur ces parcours de vie et sur cette incroyable volont\u00e9 de <strong>construire pour se reconstruire<\/strong>.<\/p>\n\n\n\n<p>\u00ab Pour moi la guerre a commenc\u00e9 en 1945 ! \u00bb : une phrase qui r\u00e9sume le parcours de nombreux enfants cach\u00e9s, confront\u00e9s apr\u00e8s la Lib\u00e9ration \u00e0 une nouvelle r\u00e9alit\u00e9, souvent seuls et sans famille.<\/p>\n\n\n\n<p>\ud83d\udcd6 <strong>\u00c0 d\u00e9couvrir dans le prochain num\u00e9ro de M\u00e9moire Vive, qui para\u00eetra \u00e0 l\u2019occasion des f\u00eates.<\/strong><\/p>\n\n\n\n<p>\u27a1\ufe0f <strong>Lisez la suite dans le prochain journal.<\/strong><\/p>\n\n\n\n<p>#Aloumim #M\u00e9moireVive #EnfantsCach\u00e9s #Shoah #Transmission #M\u00e9moire #Isra\u00ebl #Histoire #R\u00e9silience #Souvenir<\/p>\n","protected":false},"excerpt":{"rendered":"<p>Apr\u00e8s la Shoah, pour de nombreux enfants cach\u00e9s, la guerre ne s\u2019est pas vraiment termin\u00e9e en 1945. Il a fallu apprendre \u00e0 vivre, reconstruire une famille, trouver sa place\u2026 et parfois contribuer \u00e0 b\u00e2tir un nouvel avenir en Isra\u00ebl. Dans ce nouveau num\u00e9ro de M\u00e9moire Vive, Shlomo Balsam revient sur ces parcours de vie et [&hellip;]<\/p>\n","protected":false},"author":1,"featured_media":1360,"comment_status":"open","ping_status":"open","sticky":false,"template":"","format":"standard","meta":{"_et_pb_use_builder":"off","_et_pb_old_content":"","_et_gb_content_width":"","om_disable_all_campaigns":false,"_monsterinsights_skip_tracking":false,"footnotes":""},"categories":[1],"tags":[],"class_list":["post-1357","post","type-post","status-publish","format-standard","has-post-thumbnail","hentry","category-blog"],"yoast_head":"<!-- This site is optimized with the Yoast SEO plugin v20.13 - https:\/\/yoast.com\/wordpress\/plugins\/seo\/ -->\n<title>\u00ab La vengeance n\u2019\u00e9tait pas de tuer des nazis mais de reconstruire le peuple juif. \u00bb - aloumim.com<\/title>\n<meta name=\"robots\" content=\"index, follow, max-snippet:-1, max-image-preview:large, max-video-preview:-1\" \/>\n<link rel=\"canonical\" href=\"https:\/\/aloumim.com\/index.php\/2026\/09\/02\/la-vengeance-netait-pas-de-tuer-des-nazis-mais-de-reconstruire-le-peuple-juif\/\" \/>\n<meta property=\"og:locale\" content=\"fr_FR\" \/>\n<meta property=\"og:type\" content=\"article\" \/>\n<meta property=\"og:title\" content=\"\u00ab La vengeance n\u2019\u00e9tait pas de tuer des nazis mais de reconstruire le peuple juif. \u00bb - aloumim.com\" \/>\n<meta property=\"og:description\" content=\"Apr\u00e8s la Shoah, pour de nombreux enfants cach\u00e9s, la guerre ne s\u2019est pas vraiment termin\u00e9e en 1945. Il a fallu apprendre \u00e0 vivre, reconstruire une famille, trouver sa place\u2026 et parfois contribuer \u00e0 b\u00e2tir un nouvel avenir en Isra\u00ebl. Dans ce nouveau num\u00e9ro de M\u00e9moire Vive, Shlomo Balsam revient sur ces parcours de vie et [&hellip;]\" \/>\n<meta property=\"og:url\" content=\"https:\/\/aloumim.com\/index.php\/2026\/09\/02\/la-vengeance-netait-pas-de-tuer-des-nazis-mais-de-reconstruire-le-peuple-juif\/\" \/>\n<meta property=\"og:site_name\" content=\"aloumim.com\" \/>\n<meta property=\"article:published_time\" content=\"2026-09-02T11:38:44+00:00\" \/>\n<meta property=\"article:modified_time\" content=\"2026-09-02T11:40:33+00:00\" \/>\n<meta property=\"og:image\" content=\"http:\/\/aloumim.com\/wp-content\/uploads\/2026\/09\/Capture-decran-2026-09-02-a-13.39.41.png\" \/>\n\t<meta property=\"og:image:width\" content=\"1132\" \/>\n\t<meta property=\"og:image:height\" content=\"798\" \/>\n\t<meta property=\"og:image:type\" content=\"image\/png\" \/>\n<meta name=\"author\" content=\"aloumim.com\" \/>\n<meta name=\"twitter:card\" content=\"summary_large_image\" \/>\n<meta name=\"twitter:label1\" content=\"\u00c9crit par\" \/>\n\t<meta name=\"twitter:data1\" content=\"aloumim.com\" \/>\n\t<meta name=\"twitter:label2\" content=\"Dur\u00e9e de lecture estim\u00e9e\" \/>\n\t<meta name=\"twitter:data2\" content=\"1 minute\" \/>\n<script type=\"application\/ld+json\" class=\"yoast-schema-graph\">{\"@context\":\"https:\/\/schema.org\",\"@graph\":[{\"@type\":\"Article\",\"@id\":\"https:\/\/aloumim.com\/index.php\/2026\/09\/02\/la-vengeance-netait-pas-de-tuer-des-nazis-mais-de-reconstruire-le-peuple-juif\/#article\",\"isPartOf\":{\"@id\":\"https:\/\/aloumim.com\/index.php\/2026\/09\/02\/la-vengeance-netait-pas-de-tuer-des-nazis-mais-de-reconstruire-le-peuple-juif\/\"},\"author\":{\"name\":\"aloumim.com\",\"@id\":\"https:\/\/aloumim.com\/#\/schema\/person\/1e210bcaa48b45597528e561d137d67f\"},\"headline\":\"\u00ab La vengeance n\u2019\u00e9tait pas de tuer des nazis mais de reconstruire le peuple juif. \u00bb\",\"datePublished\":\"2026-09-02T11:38:44+00:00\",\"dateModified\":\"2026-09-02T11:40:33+00:00\",\"mainEntityOfPage\":{\"@id\":\"https:\/\/aloumim.com\/index.php\/2026\/09\/02\/la-vengeance-netait-pas-de-tuer-des-nazis-mais-de-reconstruire-le-peuple-juif\/\"},\"wordCount\":160,\"commentCount\":0,\"publisher\":{\"@id\":\"https:\/\/aloumim.com\/#organization\"},\"articleSection\":[\"Blog\"],\"inLanguage\":\"fr-FR\",\"potentialAction\":[{\"@type\":\"CommentAction\",\"name\":\"Comment\",\"target\":[\"https:\/\/aloumim.com\/index.php\/2026\/09\/02\/la-vengeance-netait-pas-de-tuer-des-nazis-mais-de-reconstruire-le-peuple-juif\/#respond\"]}]},{\"@type\":\"WebPage\",\"@id\":\"https:\/\/aloumim.com\/index.php\/2026\/09\/02\/la-vengeance-netait-pas-de-tuer-des-nazis-mais-de-reconstruire-le-peuple-juif\/\",\"url\":\"https:\/\/aloumim.com\/index.php\/2026\/09\/02\/la-vengeance-netait-pas-de-tuer-des-nazis-mais-de-reconstruire-le-peuple-juif\/\",\"name\":\"\u00ab La vengeance n\u2019\u00e9tait pas de tuer des nazis mais de reconstruire le peuple juif. \u00bb - aloumim.com\",\"isPartOf\":{\"@id\":\"https:\/\/aloumim.com\/#website\"},\"datePublished\":\"2026-09-02T11:38:44+00:00\",\"dateModified\":\"2026-09-02T11:40:33+00:00\",\"breadcrumb\":{\"@id\":\"https:\/\/aloumim.com\/index.php\/2026\/09\/02\/la-vengeance-netait-pas-de-tuer-des-nazis-mais-de-reconstruire-le-peuple-juif\/#breadcrumb\"},\"inLanguage\":\"fr-FR\",\"potentialAction\":[{\"@type\":\"ReadAction\",\"target\":[\"https:\/\/aloumim.com\/index.php\/2026\/09\/02\/la-vengeance-netait-pas-de-tuer-des-nazis-mais-de-reconstruire-le-peuple-juif\/\"]}]},{\"@type\":\"BreadcrumbList\",\"@id\":\"https:\/\/aloumim.com\/index.php\/2026\/09\/02\/la-vengeance-netait-pas-de-tuer-des-nazis-mais-de-reconstruire-le-peuple-juif\/#breadcrumb\",\"itemListElement\":[{\"@type\":\"ListItem\",\"position\":1,\"name\":\"Accueil\",\"item\":\"https:\/\/aloumim.com\/\"},{\"@type\":\"ListItem\",\"position\":2,\"name\":\"\u00ab La vengeance n\u2019\u00e9tait pas de tuer des nazis mais de reconstruire le peuple juif. \u00bb\"}]},{\"@type\":\"WebSite\",\"@id\":\"https:\/\/aloumim.com\/#website\",\"url\":\"https:\/\/aloumim.com\/\",\"name\":\"aloumim.com\",\"description\":\"\",\"publisher\":{\"@id\":\"https:\/\/aloumim.com\/#organization\"},\"potentialAction\":[{\"@type\":\"SearchAction\",\"target\":{\"@type\":\"EntryPoint\",\"urlTemplate\":\"https:\/\/aloumim.com\/?s={search_term_string}\"},\"query-input\":\"required name=search_term_string\"}],\"inLanguage\":\"fr-FR\"},{\"@type\":\"Organization\",\"@id\":\"https:\/\/aloumim.com\/#organization\",\"name\":\"aloumim.com\",\"url\":\"https:\/\/aloumim.com\/\",\"logo\":{\"@type\":\"ImageObject\",\"inLanguage\":\"fr-FR\",\"@id\":\"https:\/\/aloumim.com\/#\/schema\/logo\/image\/\",\"url\":\"https:\/\/aloumim.com\/wp-content\/uploads\/2023\/08\/Group-38-1.png\",\"contentUrl\":\"https:\/\/aloumim.com\/wp-content\/uploads\/2023\/08\/Group-38-1.png\",\"width\":3756,\"height\":565,\"caption\":\"aloumim.com\"},\"image\":{\"@id\":\"https:\/\/aloumim.com\/#\/schema\/logo\/image\/\"}},{\"@type\":\"Person\",\"@id\":\"https:\/\/aloumim.com\/#\/schema\/person\/1e210bcaa48b45597528e561d137d67f\",\"name\":\"aloumim.com\",\"image\":{\"@type\":\"ImageObject\",\"inLanguage\":\"fr-FR\",\"@id\":\"https:\/\/aloumim.com\/#\/schema\/person\/image\/\",\"url\":\"https:\/\/secure.gravatar.com\/avatar\/8a9a2bcebdd0538655c317bed232bb1c1e5591764aa940825bd737732adb15e5?s=96&d=mm&r=g\",\"contentUrl\":\"https:\/\/secure.gravatar.com\/avatar\/8a9a2bcebdd0538655c317bed232bb1c1e5591764aa940825bd737732adb15e5?s=96&d=mm&r=g\",\"caption\":\"aloumim.com\"},\"sameAs\":[\"http:\/\/aloumim.com\"],\"url\":\"https:\/\/aloumim.com\/index.php\/author\/aloumim-com\/\"}]}<\/script>\n<!-- \/ Yoast SEO plugin. -->","yoast_head_json":{"title":"\u00ab La vengeance n\u2019\u00e9tait pas de tuer des nazis mais de reconstruire le peuple juif. \u00bb - aloumim.com","robots":{"index":"index","follow":"follow","max-snippet":"max-snippet:-1","max-image-preview":"max-image-preview:large","max-video-preview":"max-video-preview:-1"},"canonical":"https:\/\/aloumim.com\/index.php\/2026\/09\/02\/la-vengeance-netait-pas-de-tuer-des-nazis-mais-de-reconstruire-le-peuple-juif\/","og_locale":"fr_FR","og_type":"article","og_title":"\u00ab La vengeance n\u2019\u00e9tait pas de tuer des nazis mais de reconstruire le peuple juif. \u00bb - aloumim.com","og_description":"Apr\u00e8s la Shoah, pour de nombreux enfants cach\u00e9s, la guerre ne s\u2019est pas vraiment termin\u00e9e en 1945. Il a fallu apprendre \u00e0 vivre, reconstruire une famille, trouver sa place\u2026 et parfois contribuer \u00e0 b\u00e2tir un nouvel avenir en Isra\u00ebl. Dans ce nouveau num\u00e9ro de M\u00e9moire Vive, Shlomo Balsam revient sur ces parcours de vie et [&hellip;]","og_url":"https:\/\/aloumim.com\/index.php\/2026\/09\/02\/la-vengeance-netait-pas-de-tuer-des-nazis-mais-de-reconstruire-le-peuple-juif\/","og_site_name":"aloumim.com","article_published_time":"2026-09-02T11:38:44+00:00","article_modified_time":"2026-09-02T11:40:33+00:00","og_image":[{"width":1132,"height":798,"url":"http:\/\/aloumim.com\/wp-content\/uploads\/2026\/09\/Capture-decran-2026-09-02-a-13.39.41.png","type":"image\/png"}],"author":"aloumim.com","twitter_card":"summary_large_image","twitter_misc":{"\u00c9crit par":"aloumim.com","Dur\u00e9e de lecture estim\u00e9e":"1 minute"},"schema":{"@context":"https:\/\/schema.org","@graph":[{"@type":"Article","@id":"https:\/\/aloumim.com\/index.php\/2026\/09\/02\/la-vengeance-netait-pas-de-tuer-des-nazis-mais-de-reconstruire-le-peuple-juif\/#article","isPartOf":{"@id":"https:\/\/aloumim.com\/index.php\/2026\/09\/02\/la-vengeance-netait-pas-de-tuer-des-nazis-mais-de-reconstruire-le-peuple-juif\/"},"author":{"name":"aloumim.com","@id":"https:\/\/aloumim.com\/#\/schema\/person\/1e210bcaa48b45597528e561d137d67f"},"headline":"\u00ab La vengeance n\u2019\u00e9tait pas de tuer des nazis mais de reconstruire le peuple juif. \u00bb","datePublished":"2026-09-02T11:38:44+00:00","dateModified":"2026-09-02T11:40:33+00:00","mainEntityOfPage":{"@id":"https:\/\/aloumim.com\/index.php\/2026\/09\/02\/la-vengeance-netait-pas-de-tuer-des-nazis-mais-de-reconstruire-le-peuple-juif\/"},"wordCount":160,"commentCount":0,"publisher":{"@id":"https:\/\/aloumim.com\/#organization"},"articleSection":["Blog"],"inLanguage":"fr-FR","potentialAction":[{"@type":"CommentAction","name":"Comment","target":["https:\/\/aloumim.com\/index.php\/2026\/09\/02\/la-vengeance-netait-pas-de-tuer-des-nazis-mais-de-reconstruire-le-peuple-juif\/#respond"]}]},{"@type":"WebPage","@id":"https:\/\/aloumim.com\/index.php\/2026\/09\/02\/la-vengeance-netait-pas-de-tuer-des-nazis-mais-de-reconstruire-le-peuple-juif\/","url":"https:\/\/aloumim.com\/index.php\/2026\/09\/02\/la-vengeance-netait-pas-de-tuer-des-nazis-mais-de-reconstruire-le-peuple-juif\/","name":"\u00ab La vengeance n\u2019\u00e9tait pas de tuer des nazis mais de reconstruire le peuple juif. \u00bb - aloumim.com","isPartOf":{"@id":"https:\/\/aloumim.com\/#website"},"datePublished":"2026-09-02T11:38:44+00:00","dateModified":"2026-09-02T11:40:33+00:00","breadcrumb":{"@id":"https:\/\/aloumim.com\/index.php\/2026\/09\/02\/la-vengeance-netait-pas-de-tuer-des-nazis-mais-de-reconstruire-le-peuple-juif\/#breadcrumb"},"inLanguage":"fr-FR","potentialAction":[{"@type":"ReadAction","target":["https:\/\/aloumim.com\/index.php\/2026\/09\/02\/la-vengeance-netait-pas-de-tuer-des-nazis-mais-de-reconstruire-le-peuple-juif\/"]}]},{"@type":"BreadcrumbList","@id":"https:\/\/aloumim.com\/index.php\/2026\/09\/02\/la-vengeance-netait-pas-de-tuer-des-nazis-mais-de-reconstruire-le-peuple-juif\/#breadcrumb","itemListElement":[{"@type":"ListItem","position":1,"name":"Accueil","item":"https:\/\/aloumim.com\/"},{"@type":"ListItem","position":2,"name":"\u00ab La vengeance n\u2019\u00e9tait pas de tuer des nazis mais de reconstruire le peuple juif. \u00bb"}]},{"@type":"WebSite","@id":"https:\/\/aloumim.com\/#website","url":"https:\/\/aloumim.com\/","name":"aloumim.com","description":"","publisher":{"@id":"https:\/\/aloumim.com\/#organization"},"potentialAction":[{"@type":"SearchAction","target":{"@type":"EntryPoint","urlTemplate":"https:\/\/aloumim.com\/?s={search_term_string}"},"query-input":"required name=search_term_string"}],"inLanguage":"fr-FR"},{"@type":"Organization","@id":"https:\/\/aloumim.com\/#organization","name":"aloumim.com","url":"https:\/\/aloumim.com\/","logo":{"@type":"ImageObject","inLanguage":"fr-FR","@id":"https:\/\/aloumim.com\/#\/schema\/logo\/image\/","url":"https:\/\/aloumim.com\/wp-content\/uploads\/2023\/08\/Group-38-1.png","contentUrl":"https:\/\/aloumim.com\/wp-content\/uploads\/2023\/08\/Group-38-1.png","width":3756,"height":565,"caption":"aloumim.com"},"image":{"@id":"https:\/\/aloumim.com\/#\/schema\/logo\/image\/"}},{"@type":"Person","@id":"https:\/\/aloumim.com\/#\/schema\/person\/1e210bcaa48b45597528e561d137d67f","name":"aloumim.com","image":{"@type":"ImageObject","inLanguage":"fr-FR","@id":"https:\/\/aloumim.com\/#\/schema\/person\/image\/","url":"https:\/\/secure.gravatar.com\/avatar\/8a9a2bcebdd0538655c317bed232bb1c1e5591764aa940825bd737732adb15e5?s=96&d=mm&r=g","contentUrl":"https:\/\/secure.gravatar.com\/avatar\/8a9a2bcebdd0538655c317bed232bb1c1e5591764aa940825bd737732adb15e5?s=96&d=mm&r=g","caption":"aloumim.com"},"sameAs":["http:\/\/aloumim.com"],"url":"https:\/\/aloumim.com\/index.php\/author\/aloumim-com\/"}]}},"jetpack_featured_media_url":"https:\/\/aloumim.com\/wp-content\/uploads\/2026\/09\/Capture-decran-2026-09-02-a-13.39.41.png","_links":{"self":[{"href":"https:\/\/aloumim.com\/index.php\/wp-json\/wp\/v2\/posts\/1357","targetHints":{"allow":["GET"]}}],"collection":[{"href":"https:\/\/aloumim.com\/index.php\/wp-json\/wp\/v2\/posts"}],"about":[{"href":"https:\/\/aloumim.com\/index.php\/wp-json\/wp\/v2\/types\/post"}],"author":[{"embeddable":true,"href":"https:\/\/aloumim.com\/index.php\/wp-json\/wp\/v2\/users\/1"}],"replies":[{"embeddable":true,"href":"https:\/\/aloumim.com\/index.php\/wp-json\/wp\/v2\/comments?post=1357"}],"version-history":[{"count":1,"href":"https:\/\/aloumim.com\/index.php\/wp-json\/wp\/v2\/posts\/1357\/revisions"}],"predecessor-version":[{"id":1359,"href":"https:\/\/aloumim.com\/index.php\/wp-json\/wp\/v2\/posts\/1357\/revisions\/1359"}],"wp:featuredmedia":[{"embeddable":true,"href":"https:\/\/aloumim.com\/index.php\/wp-json\/wp\/v2\/media\/1360"}],"wp:attachment":[{"href":"https:\/\/aloumim.com\/index.php\/wp-json\/wp\/v2\/media?parent=1357"}],"wp:term":[{"taxonomy":"category","embeddable":true,"href":"https:\/\/aloumim.com\/index.php\/wp-json\/wp\/v2\/categories?post=1357"},{"taxonomy":"post_tag","embeddable":true,"href":"https:\/\/aloumim.com\/index.php\/wp-json\/wp\/v2\/tags?post=1357"}],"curies":[{"name":"wp","href":"https:\/\/api.w.org\/{rel}","templated":true}]}}