{"id":593,"date":"2024-08-18T14:59:02","date_gmt":"2024-08-18T12:59:02","guid":{"rendered":"https:\/\/aloumim.com\/?p=593"},"modified":"2024-08-26T15:54:15","modified_gmt":"2024-08-26T13:54:15","slug":"une-survivante-de-la-shoah-a-la-une-de-vogue","status":"publish","type":"post","link":"https:\/\/aloumim.com\/index.php\/2024\/08\/18\/une-survivante-de-la-shoah-a-la-une-de-vogue\/","title":{"rendered":"Une Survivante de la Shoah \u00e0 la Une de Vogue"},"content":{"rendered":"\n<figure class=\"wp-block-image size-full is-resized\"><img loading=\"lazy\" decoding=\"async\" width=\"486\" height=\"273\" src=\"https:\/\/aloumim.com\/wp-content\/uploads\/2024\/08\/560x315_sc_fried-669b85f94f252361346394-edited.webp\" alt=\"\" class=\"wp-image-598\" style=\"width:820px;height:auto\" srcset=\"https:\/\/aloumim.com\/wp-content\/uploads\/2024\/08\/560x315_sc_fried-669b85f94f252361346394-edited.webp 486w, https:\/\/aloumim.com\/wp-content\/uploads\/2024\/08\/560x315_sc_fried-669b85f94f252361346394-edited-480x270.webp 480w\" sizes=\"auto, (min-width: 0px) and (max-width: 480px) 480px, (min-width: 481px) 486px, 100vw\" \/><\/figure>\n\n\n\n<p><\/p>\n\n\n\n<p>Margot Friedl\u00e4nder, survivante de la Shoah \u00e2g\u00e9e de 102 ans, a r\u00e9cemment fait la une de <strong>Vogue Allemagne<\/strong>, une d\u00e9cision qui transcende le monde de la mode pour toucher \u00e0 l&rsquo;histoire et \u00e0 la m\u00e9moire collective.<\/p>\n\n\n\n<div class=\"wp-block-columns is-layout-flex wp-container-core-columns-is-layout-9d6595d7 wp-block-columns-is-layout-flex\">\n<div class=\"wp-block-column is-layout-flow wp-block-column-is-layout-flow\">\n<p>La s\u00e9ance photo s&rsquo;est d\u00e9roul\u00e9e dans le jardin botanique de Berlin, un lieu symbolique qui refl\u00e8te \u00e0 la fois la tranquillit\u00e9 retrouv\u00e9e et la force de Margot. Dans l&rsquo;interview qui accompagne les images, Margot partage son message de r\u00e9silience et d&rsquo;espoir, soulignant l&rsquo;importance de t\u00e9moigner et d&rsquo;\u00e9duquer pour que de telles atrocit\u00e9s ne se reproduisent jamais.<\/p>\n\n\n\n<p>N\u00e9e en 1921 \u00e0 Berlin, Margot a v\u00e9cu la pers\u00e9cution nazie, perdant sa m\u00e8re et son fr\u00e8re d\u00e9port\u00e9s \u00e0 Auschwitz. Apr\u00e8s avoir surv\u00e9cu \u00e0 une arrestation et \u00e0 l&rsquo;enfer du camp de concentration de Theresienstadt, elle a \u00e9migr\u00e9 aux \u00c9tats-Unis en 1946, o\u00f9 elle a v\u00e9cu pendant plus de 60 ans avant de retourner en Allemagne en 2010. <\/p>\n\n\n\n<p>Aujourd&rsquo;hui, Margot Friedl\u00e4nder consacre sa vie \u00e0 l&rsquo;\u00e9ducation, racontant inlassablement son histoire dans les \u00e9coles et les \u00e9v\u00e9nements publics pour sensibiliser aux dangers de la haine et de l&rsquo;antis\u00e9mitisme. En la mettant en couverture, <strong>Vogue Allemagne<\/strong> ne se contente pas de rendre hommage \u00e0 son pass\u00e9, mais aussi \u00e0 son engagement actuel.<\/p>\n<\/div>\n\n\n\n<div class=\"wp-block-column is-layout-flow wp-block-column-is-layout-flow\">\n<figure class=\"wp-block-image size-full is-resized\"><img loading=\"lazy\" decoding=\"async\" width=\"427\" height=\"580\" src=\"https:\/\/aloumim.com\/wp-content\/uploads\/2024\/08\/e7997ef2-7df2-4d69-928e-703c6d0a4199-1.jpg\" alt=\"\" class=\"wp-image-596\" style=\"width:359px;height:auto\" srcset=\"https:\/\/aloumim.com\/wp-content\/uploads\/2024\/08\/e7997ef2-7df2-4d69-928e-703c6d0a4199-1.jpg 427w, https:\/\/aloumim.com\/wp-content\/uploads\/2024\/08\/e7997ef2-7df2-4d69-928e-703c6d0a4199-1-221x300.jpg 221w\" sizes=\"auto, (max-width: 427px) 100vw, 427px\" \/><\/figure>\n<\/div>\n<\/div>\n\n\n\n<p>Cette couverture illustre un tournant o\u00f9 la mode devient un vecteur de m\u00e9moire historique, rappelant que les survivants comme Margot Friedl\u00e4nder sont des t\u00e9moins vivants dont la voix est plus que jamais essentielle.<\/p>\n","protected":false},"excerpt":{"rendered":"<p>Margot Friedl\u00e4nder, survivante de la Shoah \u00e2g\u00e9e de 102 ans, a r\u00e9cemment fait la une de Vogue Allemagne, une d\u00e9cision qui transcende le monde de la mode pour toucher \u00e0 l&rsquo;histoire et \u00e0 la m\u00e9moire collective. La s\u00e9ance photo s&rsquo;est d\u00e9roul\u00e9e dans le jardin botanique de Berlin, un lieu symbolique qui refl\u00e8te \u00e0 la fois [&hellip;]<\/p>\n","protected":false},"author":1,"featured_media":609,"comment_status":"closed","ping_status":"closed","sticky":false,"template":"","format":"standard","meta":{"_et_pb_use_builder":"off","_et_pb_old_content":"<!-- wp:image {\"id\":598,\"width\":\"820px\",\"height\":\"auto\",\"sizeSlug\":\"full\",\"linkDestination\":\"none\"} -->\n<figure class=\"wp-block-image size-full is-resized\"><img src=\"https:\/\/aloumim.com\/wp-content\/uploads\/2024\/08\/560x315_sc_fried-669b85f94f252361346394-edited.webp\" alt=\"\" class=\"wp-image-598\" style=\"width:820px;height:auto\"\/><\/figure>\n<!-- \/wp:image -->\n\n<!-- wp:paragraph -->\n<p><\/p>\n<!-- \/wp:paragraph -->\n\n<!-- wp:paragraph -->\n<p>Margot Friedl\u00e4nder, survivante de la Shoah \u00e2g\u00e9e de 102 ans, a r\u00e9cemment fait la une de <strong>Vogue Allemagne<\/strong>, une d\u00e9cision qui transcende le monde de la mode pour toucher \u00e0 l'histoire et \u00e0 la m\u00e9moire collective.<\/p>\n<!-- \/wp:paragraph -->\n\n<!-- wp:columns -->\n<div class=\"wp-block-columns\"><!-- wp:column -->\n<div class=\"wp-block-column\"><!-- wp:paragraph -->\n<p>La s\u00e9ance photo s'est d\u00e9roul\u00e9e dans le jardin botanique de Berlin, un lieu symbolique qui refl\u00e8te \u00e0 la fois la tranquillit\u00e9 retrouv\u00e9e et la force de Margot. Dans l'interview qui accompagne les images, Margot partage son message de r\u00e9silience et d'espoir, soulignant l'importance de t\u00e9moigner et d'\u00e9duquer pour que de telles atrocit\u00e9s ne se reproduisent jamais.<\/p>\n<!-- \/wp:paragraph -->\n\n<!-- wp:paragraph -->\n<p>N\u00e9e en 1921 \u00e0 Berlin, Margot a v\u00e9cu la pers\u00e9cution nazie, perdant sa m\u00e8re et son fr\u00e8re d\u00e9port\u00e9s \u00e0 Auschwitz. Apr\u00e8s avoir surv\u00e9cu \u00e0 une arrestation et \u00e0 l'enfer du camp de concentration de Theresienstadt, elle a \u00e9migr\u00e9 aux \u00c9tats-Unis en 1946, o\u00f9 elle a v\u00e9cu pendant plus de 60 ans avant de retourner en Allemagne en 2010. <\/p>\n<!-- \/wp:paragraph -->\n\n<!-- wp:paragraph -->\n<p>Aujourd'hui, Margot Friedl\u00e4nder consacre sa vie \u00e0 l'\u00e9ducation, racontant inlassablement son histoire dans les \u00e9coles et les \u00e9v\u00e9nements publics pour sensibiliser aux dangers de la haine et de l'antis\u00e9mitisme. En la mettant en couverture, <strong>Vogue Allemagne<\/strong> ne se contente pas de rendre hommage \u00e0 son pass\u00e9, mais aussi \u00e0 son engagement actuel.<\/p>\n<!-- \/wp:paragraph --><\/div>\n<!-- \/wp:column -->\n\n<!-- wp:column -->\n<div class=\"wp-block-column\"><!-- wp:image {\"id\":596,\"width\":\"359px\",\"height\":\"auto\",\"sizeSlug\":\"full\",\"linkDestination\":\"none\"} -->\n<figure class=\"wp-block-image size-full is-resized\"><img src=\"https:\/\/aloumim.com\/wp-content\/uploads\/2024\/08\/e7997ef2-7df2-4d69-928e-703c6d0a4199-1.jpg\" alt=\"\" class=\"wp-image-596\" style=\"width:359px;height:auto\"\/><\/figure>\n<!-- \/wp:image --><\/div>\n<!-- \/wp:column --><\/div>\n<!-- \/wp:columns -->\n\n<!-- wp:paragraph -->\n<p>Cette couverture illustre un tournant o\u00f9 la mode devient un vecteur de m\u00e9moire historique, rappelant que les survivants comme Margot Friedl\u00e4nder sont des t\u00e9moins vivants dont la voix est plus que jamais essentielle.<\/p>\n<!-- \/wp:paragraph -->","_et_gb_content_width":"1080","om_disable_all_campaigns":false,"_monsterinsights_skip_tracking":false,"_monsterinsights_sitenote_active":false,"_monsterinsights_sitenote_note":"","_monsterinsights_sitenote_category":0,"footnotes":""},"categories":[18],"tags":[],"class_list":["post-593","post","type-post","status-publish","format-standard","has-post-thumbnail","hentry","category-actualite"],"yoast_head":"<!-- This site is optimized with the Yoast SEO plugin v20.13 - https:\/\/yoast.com\/wordpress\/plugins\/seo\/ -->\n<title>Une Survivante de la Shoah \u00e0 la Une de Vogue - aloumim.com<\/title>\n<meta name=\"robots\" content=\"index, follow, max-snippet:-1, max-image-preview:large, max-video-preview:-1\" \/>\n<link rel=\"canonical\" href=\"https:\/\/aloumim.com\/index.php\/2024\/08\/18\/une-survivante-de-la-shoah-a-la-une-de-vogue\/\" \/>\n<meta property=\"og:locale\" content=\"fr_FR\" \/>\n<meta property=\"og:type\" content=\"article\" \/>\n<meta property=\"og:title\" content=\"Une Survivante de la Shoah \u00e0 la Une de Vogue - aloumim.com\" \/>\n<meta property=\"og:description\" content=\"Margot Friedl\u00e4nder, survivante de la Shoah \u00e2g\u00e9e de 102 ans, a r\u00e9cemment fait la une de Vogue Allemagne, une d\u00e9cision qui transcende le monde de la mode pour toucher \u00e0 l&rsquo;histoire et \u00e0 la m\u00e9moire collective. La s\u00e9ance photo s&rsquo;est d\u00e9roul\u00e9e dans le jardin botanique de Berlin, un lieu symbolique qui refl\u00e8te \u00e0 la fois [&hellip;]\" \/>\n<meta property=\"og:url\" content=\"https:\/\/aloumim.com\/index.php\/2024\/08\/18\/une-survivante-de-la-shoah-a-la-une-de-vogue\/\" \/>\n<meta property=\"og:site_name\" content=\"aloumim.com\" \/>\n<meta property=\"article:published_time\" content=\"2024-08-18T12:59:02+00:00\" \/>\n<meta property=\"article:modified_time\" content=\"2024-08-26T13:54:15+00:00\" \/>\n<meta property=\"og:image\" content=\"http:\/\/aloumim.com\/wp-content\/uploads\/2024\/08\/VOGUE_Germany_Collectors_Issue_2024_MF_3_Mark_Peckmezian_937cd57411.jpeg\" \/>\n\t<meta property=\"og:image:width\" content=\"1376\" \/>\n\t<meta property=\"og:image:height\" content=\"774\" \/>\n\t<meta property=\"og:image:type\" content=\"image\/jpeg\" \/>\n<meta name=\"author\" content=\"aloumim.com\" \/>\n<meta name=\"twitter:card\" content=\"summary_large_image\" \/>\n<meta name=\"twitter:label1\" content=\"\u00c9crit par\" \/>\n\t<meta name=\"twitter:data1\" content=\"aloumim.com\" \/>\n\t<meta name=\"twitter:label2\" content=\"Dur\u00e9e de lecture estim\u00e9e\" \/>\n\t<meta name=\"twitter:data2\" content=\"2 minutes\" \/>\n<script type=\"application\/ld+json\" class=\"yoast-schema-graph\">{\"@context\":\"https:\/\/schema.org\",\"@graph\":[{\"@type\":\"Article\",\"@id\":\"https:\/\/aloumim.com\/index.php\/2024\/08\/18\/une-survivante-de-la-shoah-a-la-une-de-vogue\/#article\",\"isPartOf\":{\"@id\":\"https:\/\/aloumim.com\/index.php\/2024\/08\/18\/une-survivante-de-la-shoah-a-la-une-de-vogue\/\"},\"author\":{\"name\":\"aloumim.com\",\"@id\":\"https:\/\/aloumim.com\/#\/schema\/person\/1e210bcaa48b45597528e561d137d67f\"},\"headline\":\"Une Survivante de la Shoah \u00e0 la Une de Vogue\",\"datePublished\":\"2024-08-18T12:59:02+00:00\",\"dateModified\":\"2024-08-26T13:54:15+00:00\",\"mainEntityOfPage\":{\"@id\":\"https:\/\/aloumim.com\/index.php\/2024\/08\/18\/une-survivante-de-la-shoah-a-la-une-de-vogue\/\"},\"wordCount\":268,\"publisher\":{\"@id\":\"https:\/\/aloumim.com\/#organization\"},\"articleSection\":[\"Actualit\u00e9\"],\"inLanguage\":\"fr-FR\"},{\"@type\":\"WebPage\",\"@id\":\"https:\/\/aloumim.com\/index.php\/2024\/08\/18\/une-survivante-de-la-shoah-a-la-une-de-vogue\/\",\"url\":\"https:\/\/aloumim.com\/index.php\/2024\/08\/18\/une-survivante-de-la-shoah-a-la-une-de-vogue\/\",\"name\":\"Une Survivante de la Shoah \u00e0 la Une de Vogue - aloumim.com\",\"isPartOf\":{\"@id\":\"https:\/\/aloumim.com\/#website\"},\"datePublished\":\"2024-08-18T12:59:02+00:00\",\"dateModified\":\"2024-08-26T13:54:15+00:00\",\"breadcrumb\":{\"@id\":\"https:\/\/aloumim.com\/index.php\/2024\/08\/18\/une-survivante-de-la-shoah-a-la-une-de-vogue\/#breadcrumb\"},\"inLanguage\":\"fr-FR\",\"potentialAction\":[{\"@type\":\"ReadAction\",\"target\":[\"https:\/\/aloumim.com\/index.php\/2024\/08\/18\/une-survivante-de-la-shoah-a-la-une-de-vogue\/\"]}]},{\"@type\":\"BreadcrumbList\",\"@id\":\"https:\/\/aloumim.com\/index.php\/2024\/08\/18\/une-survivante-de-la-shoah-a-la-une-de-vogue\/#breadcrumb\",\"itemListElement\":[{\"@type\":\"ListItem\",\"position\":1,\"name\":\"Accueil\",\"item\":\"https:\/\/aloumim.com\/\"},{\"@type\":\"ListItem\",\"position\":2,\"name\":\"Une Survivante de la Shoah \u00e0 la Une de Vogue\"}]},{\"@type\":\"WebSite\",\"@id\":\"https:\/\/aloumim.com\/#website\",\"url\":\"https:\/\/aloumim.com\/\",\"name\":\"aloumim.com\",\"description\":\"\",\"publisher\":{\"@id\":\"https:\/\/aloumim.com\/#organization\"},\"potentialAction\":[{\"@type\":\"SearchAction\",\"target\":{\"@type\":\"EntryPoint\",\"urlTemplate\":\"https:\/\/aloumim.com\/?s={search_term_string}\"},\"query-input\":\"required name=search_term_string\"}],\"inLanguage\":\"fr-FR\"},{\"@type\":\"Organization\",\"@id\":\"https:\/\/aloumim.com\/#organization\",\"name\":\"aloumim.com\",\"url\":\"https:\/\/aloumim.com\/\",\"logo\":{\"@type\":\"ImageObject\",\"inLanguage\":\"fr-FR\",\"@id\":\"https:\/\/aloumim.com\/#\/schema\/logo\/image\/\",\"url\":\"https:\/\/aloumim.com\/wp-content\/uploads\/2023\/08\/Group-38-1.png\",\"contentUrl\":\"https:\/\/aloumim.com\/wp-content\/uploads\/2023\/08\/Group-38-1.png\",\"width\":3756,\"height\":565,\"caption\":\"aloumim.com\"},\"image\":{\"@id\":\"https:\/\/aloumim.com\/#\/schema\/logo\/image\/\"}},{\"@type\":\"Person\",\"@id\":\"https:\/\/aloumim.com\/#\/schema\/person\/1e210bcaa48b45597528e561d137d67f\",\"name\":\"aloumim.com\",\"image\":{\"@type\":\"ImageObject\",\"inLanguage\":\"fr-FR\",\"@id\":\"https:\/\/aloumim.com\/#\/schema\/person\/image\/\",\"url\":\"https:\/\/secure.gravatar.com\/avatar\/8a9a2bcebdd0538655c317bed232bb1c1e5591764aa940825bd737732adb15e5?s=96&d=mm&r=g\",\"contentUrl\":\"https:\/\/secure.gravatar.com\/avatar\/8a9a2bcebdd0538655c317bed232bb1c1e5591764aa940825bd737732adb15e5?s=96&d=mm&r=g\",\"caption\":\"aloumim.com\"},\"sameAs\":[\"http:\/\/aloumim.com\"],\"url\":\"https:\/\/aloumim.com\/index.php\/author\/aloumim-com\/\"}]}<\/script>\n<!-- \/ Yoast SEO plugin. -->","yoast_head_json":{"title":"Une Survivante de la Shoah \u00e0 la Une de Vogue - aloumim.com","robots":{"index":"index","follow":"follow","max-snippet":"max-snippet:-1","max-image-preview":"max-image-preview:large","max-video-preview":"max-video-preview:-1"},"canonical":"https:\/\/aloumim.com\/index.php\/2024\/08\/18\/une-survivante-de-la-shoah-a-la-une-de-vogue\/","og_locale":"fr_FR","og_type":"article","og_title":"Une Survivante de la Shoah \u00e0 la Une de Vogue - aloumim.com","og_description":"Margot Friedl\u00e4nder, survivante de la Shoah \u00e2g\u00e9e de 102 ans, a r\u00e9cemment fait la une de Vogue Allemagne, une d\u00e9cision qui transcende le monde de la mode pour toucher \u00e0 l&rsquo;histoire et \u00e0 la m\u00e9moire collective. La s\u00e9ance photo s&rsquo;est d\u00e9roul\u00e9e dans le jardin botanique de Berlin, un lieu symbolique qui refl\u00e8te \u00e0 la fois [&hellip;]","og_url":"https:\/\/aloumim.com\/index.php\/2024\/08\/18\/une-survivante-de-la-shoah-a-la-une-de-vogue\/","og_site_name":"aloumim.com","article_published_time":"2024-08-18T12:59:02+00:00","article_modified_time":"2024-08-26T13:54:15+00:00","og_image":[{"width":1376,"height":774,"url":"http:\/\/aloumim.com\/wp-content\/uploads\/2024\/08\/VOGUE_Germany_Collectors_Issue_2024_MF_3_Mark_Peckmezian_937cd57411.jpeg","type":"image\/jpeg"}],"author":"aloumim.com","twitter_card":"summary_large_image","twitter_misc":{"\u00c9crit par":"aloumim.com","Dur\u00e9e de lecture estim\u00e9e":"2 minutes"},"schema":{"@context":"https:\/\/schema.org","@graph":[{"@type":"Article","@id":"https:\/\/aloumim.com\/index.php\/2024\/08\/18\/une-survivante-de-la-shoah-a-la-une-de-vogue\/#article","isPartOf":{"@id":"https:\/\/aloumim.com\/index.php\/2024\/08\/18\/une-survivante-de-la-shoah-a-la-une-de-vogue\/"},"author":{"name":"aloumim.com","@id":"https:\/\/aloumim.com\/#\/schema\/person\/1e210bcaa48b45597528e561d137d67f"},"headline":"Une Survivante de la Shoah \u00e0 la Une de Vogue","datePublished":"2024-08-18T12:59:02+00:00","dateModified":"2024-08-26T13:54:15+00:00","mainEntityOfPage":{"@id":"https:\/\/aloumim.com\/index.php\/2024\/08\/18\/une-survivante-de-la-shoah-a-la-une-de-vogue\/"},"wordCount":268,"publisher":{"@id":"https:\/\/aloumim.com\/#organization"},"articleSection":["Actualit\u00e9"],"inLanguage":"fr-FR"},{"@type":"WebPage","@id":"https:\/\/aloumim.com\/index.php\/2024\/08\/18\/une-survivante-de-la-shoah-a-la-une-de-vogue\/","url":"https:\/\/aloumim.com\/index.php\/2024\/08\/18\/une-survivante-de-la-shoah-a-la-une-de-vogue\/","name":"Une Survivante de la Shoah \u00e0 la Une de Vogue - aloumim.com","isPartOf":{"@id":"https:\/\/aloumim.com\/#website"},"datePublished":"2024-08-18T12:59:02+00:00","dateModified":"2024-08-26T13:54:15+00:00","breadcrumb":{"@id":"https:\/\/aloumim.com\/index.php\/2024\/08\/18\/une-survivante-de-la-shoah-a-la-une-de-vogue\/#breadcrumb"},"inLanguage":"fr-FR","potentialAction":[{"@type":"ReadAction","target":["https:\/\/aloumim.com\/index.php\/2024\/08\/18\/une-survivante-de-la-shoah-a-la-une-de-vogue\/"]}]},{"@type":"BreadcrumbList","@id":"https:\/\/aloumim.com\/index.php\/2024\/08\/18\/une-survivante-de-la-shoah-a-la-une-de-vogue\/#breadcrumb","itemListElement":[{"@type":"ListItem","position":1,"name":"Accueil","item":"https:\/\/aloumim.com\/"},{"@type":"ListItem","position":2,"name":"Une Survivante de la Shoah \u00e0 la Une de Vogue"}]},{"@type":"WebSite","@id":"https:\/\/aloumim.com\/#website","url":"https:\/\/aloumim.com\/","name":"aloumim.com","description":"","publisher":{"@id":"https:\/\/aloumim.com\/#organization"},"potentialAction":[{"@type":"SearchAction","target":{"@type":"EntryPoint","urlTemplate":"https:\/\/aloumim.com\/?s={search_term_string}"},"query-input":"required name=search_term_string"}],"inLanguage":"fr-FR"},{"@type":"Organization","@id":"https:\/\/aloumim.com\/#organization","name":"aloumim.com","url":"https:\/\/aloumim.com\/","logo":{"@type":"ImageObject","inLanguage":"fr-FR","@id":"https:\/\/aloumim.com\/#\/schema\/logo\/image\/","url":"https:\/\/aloumim.com\/wp-content\/uploads\/2023\/08\/Group-38-1.png","contentUrl":"https:\/\/aloumim.com\/wp-content\/uploads\/2023\/08\/Group-38-1.png","width":3756,"height":565,"caption":"aloumim.com"},"image":{"@id":"https:\/\/aloumim.com\/#\/schema\/logo\/image\/"}},{"@type":"Person","@id":"https:\/\/aloumim.com\/#\/schema\/person\/1e210bcaa48b45597528e561d137d67f","name":"aloumim.com","image":{"@type":"ImageObject","inLanguage":"fr-FR","@id":"https:\/\/aloumim.com\/#\/schema\/person\/image\/","url":"https:\/\/secure.gravatar.com\/avatar\/8a9a2bcebdd0538655c317bed232bb1c1e5591764aa940825bd737732adb15e5?s=96&d=mm&r=g","contentUrl":"https:\/\/secure.gravatar.com\/avatar\/8a9a2bcebdd0538655c317bed232bb1c1e5591764aa940825bd737732adb15e5?s=96&d=mm&r=g","caption":"aloumim.com"},"sameAs":["http:\/\/aloumim.com"],"url":"https:\/\/aloumim.com\/index.php\/author\/aloumim-com\/"}]}},"jetpack_featured_media_url":"https:\/\/aloumim.com\/wp-content\/uploads\/2024\/08\/VOGUE_Germany_Collectors_Issue_2024_MF_3_Mark_Peckmezian_937cd57411.jpeg","_links":{"self":[{"href":"https:\/\/aloumim.com\/index.php\/wp-json\/wp\/v2\/posts\/593","targetHints":{"allow":["GET"]}}],"collection":[{"href":"https:\/\/aloumim.com\/index.php\/wp-json\/wp\/v2\/posts"}],"about":[{"href":"https:\/\/aloumim.com\/index.php\/wp-json\/wp\/v2\/types\/post"}],"author":[{"embeddable":true,"href":"https:\/\/aloumim.com\/index.php\/wp-json\/wp\/v2\/users\/1"}],"replies":[{"embeddable":true,"href":"https:\/\/aloumim.com\/index.php\/wp-json\/wp\/v2\/comments?post=593"}],"version-history":[{"count":4,"href":"https:\/\/aloumim.com\/index.php\/wp-json\/wp\/v2\/posts\/593\/revisions"}],"predecessor-version":[{"id":678,"href":"https:\/\/aloumim.com\/index.php\/wp-json\/wp\/v2\/posts\/593\/revisions\/678"}],"wp:featuredmedia":[{"embeddable":true,"href":"https:\/\/aloumim.com\/index.php\/wp-json\/wp\/v2\/media\/609"}],"wp:attachment":[{"href":"https:\/\/aloumim.com\/index.php\/wp-json\/wp\/v2\/media?parent=593"}],"wp:term":[{"taxonomy":"category","embeddable":true,"href":"https:\/\/aloumim.com\/index.php\/wp-json\/wp\/v2\/categories?post=593"},{"taxonomy":"post_tag","embeddable":true,"href":"https:\/\/aloumim.com\/index.php\/wp-json\/wp\/v2\/tags?post=593"}],"curies":[{"name":"wp","href":"https:\/\/api.w.org\/{rel}","templated":true}]}}