{"id":604,"date":"2024-08-26T16:04:40","date_gmt":"2024-08-26T14:04:40","guid":{"rendered":"https:\/\/aloumim.com\/?p=604"},"modified":"2024-08-26T16:06:13","modified_gmt":"2024-08-26T14:06:13","slug":"un-ouvrage-inedit-de-simone-veil-sur-la-shoah-sera-publie-a-la-rentree-litteraire","status":"publish","type":"post","link":"https:\/\/aloumim.com\/index.php\/2024\/08\/26\/un-ouvrage-inedit-de-simone-veil-sur-la-shoah-sera-publie-a-la-rentree-litteraire\/","title":{"rendered":"Un ouvrage in\u00e9dit de Simone Veil sur la Shoah sera publi\u00e9 \u00e0 la rentr\u00e9e litt\u00e9raire"},"content":{"rendered":"\n<figure class=\"wp-block-image size-full is-resized\"><img loading=\"lazy\" decoding=\"async\" width=\"704\" height=\"396\" src=\"http:\/\/aloumim.com\/wp-content\/uploads\/2024\/08\/bcf96396cae169d6db1daa4abe43152b49b3c9b7c14e179c33df76a9a85d13ad.webp\" alt=\"\" class=\"wp-image-605\" style=\"width:824px;height:auto\" srcset=\"http:\/\/aloumim.com\/wp-content\/uploads\/2024\/08\/bcf96396cae169d6db1daa4abe43152b49b3c9b7c14e179c33df76a9a85d13ad.webp 704w, http:\/\/aloumim.com\/wp-content\/uploads\/2024\/08\/bcf96396cae169d6db1daa4abe43152b49b3c9b7c14e179c33df76a9a85d13ad-480x270.webp 480w\" sizes=\"auto, (min-width: 0px) and (max-width: 480px) 480px, (min-width: 481px) 704px, 100vw\" \/><figcaption class=\"wp-element-caption\"><em>Baril Pascal \/ Baril Pascal\/ABACA<\/em><\/figcaption><\/figure>\n\n\n\n<p>\u00c0 l\u2019occasion de la rentr\u00e9e litt\u00e9raire, un livre in\u00e9dit de Simone Veil, consacr\u00e9 \u00e0 la Shoah, sera publi\u00e9 pour la premi\u00e8re fois. Ce texte, longtemps rest\u00e9 cach\u00e9, r\u00e9v\u00e8le l&rsquo;engagement in\u00e9branlable de l\u2019ancienne ministre et survivante de la Shoah envers la m\u00e9moire des victimes de l&rsquo;Holocauste.<\/p>\n\n\n\n<div class=\"wp-block-columns is-layout-flex wp-container-core-columns-is-layout-9d6595d7 wp-block-columns-is-layout-flex\">\n<div class=\"wp-block-column is-layout-flow wp-block-column-is-layout-flow\">\n<p>Simone Veil, figure embl\u00e9matique de la lutte contre l\u2019oubli et l\u2019antis\u00e9mitisme, avait consacr\u00e9 une grande partie de sa vie \u00e0 transmettre les horreurs v\u00e9cues durant la Seconde Guerre mondiale et \u00e0 promouvoir les valeurs de dignit\u00e9 humaine et de respect. Ce livre, r\u00e9dig\u00e9 dans les derni\u00e8res ann\u00e9es de sa vie, offre une perspective in\u00e9dite et approfondie sur les \u00e9v\u00e9nements tragiques de la Shoah, enrichissant ainsi le corpus de t\u00e9moignages et d\u2019analyses sur cette p\u00e9riode sombre de l\u2019histoire.<\/p>\n\n\n\n<p>Le contenu de cet ouvrage promet d&rsquo;apporter un \u00e9clairage suppl\u00e9mentaire sur les m\u00e9canismes de la pers\u00e9cution nazie, les souffrances endur\u00e9es par les victimes et la r\u00e9silience des survivants. Le texte inclut des r\u00e9flexions personnelles de Simone Veil, ainsi que des d\u00e9tails historiques et des anecdotes poignantes qui t\u00e9moignent de son exp\u00e9rience directe et de son engagement pour la v\u00e9rit\u00e9.<\/p>\n<\/div>\n\n\n\n<div class=\"wp-block-column is-layout-flow wp-block-column-is-layout-flow\">\n<figure class=\"wp-block-image size-full is-resized\"><img loading=\"lazy\" decoding=\"async\" width=\"400\" height=\"585\" src=\"http:\/\/aloumim.com\/wp-content\/uploads\/2024\/08\/Pour-les-generations-futures-1.jpg\" alt=\"\" class=\"wp-image-684\" style=\"width:281px;height:auto\" srcset=\"https:\/\/aloumim.com\/wp-content\/uploads\/2024\/08\/Pour-les-generations-futures-1.jpg 400w, https:\/\/aloumim.com\/wp-content\/uploads\/2024\/08\/Pour-les-generations-futures-1-205x300.jpg 205w\" sizes=\"auto, (max-width: 400px) 100vw, 400px\" \/><\/figure>\n<\/div>\n<\/div>\n\n\n\n<p>Simone Veil, selon l&rsquo;\u00e9diteur,<em>\u00a0\u00aby aborde les th\u00e8mes et les pr\u00e9occupations qui lui sont les plus chers: la m\u00e9moire de la Shoah, sa transmission aux nouvelles g\u00e9n\u00e9rations, le sort des enfants cach\u00e9s, la r\u00e9conciliation et la n\u00e9cessaire unit\u00e9 europ\u00e9enne, le r\u00f4le de la fiction et de la jeunesse pour ne pas oublier les trag\u00e9dies du pass\u00e9\u00bb<\/em>.<\/p>\n\n\n\n<p>La publication de ce livre est attendue avec une grande impatience par les amateurs de litt\u00e9rature, les chercheurs et les historiens. Elle est \u00e9galement per\u00e7ue comme un \u00e9v\u00e9nement important pour la m\u00e9moire collective, offrant une occasion pr\u00e9cieuse de revisiter et de r\u00e9fl\u00e9chir sur l\u2019histoire de la Shoah \u00e0 travers le regard d\u2019une figure embl\u00e9matique.<\/p>\n\n\n\n<p>Ce texte sera disponible en librairie \u00e0 partir de la rentr\u00e9e, marquant ainsi un moment significatif pour la comm\u00e9moration de l\u2019Holocauste et pour l\u2019\u0153uvre de Simone Veil, dont le travail continue d\u2019inspirer et d\u2019\u00e9duquer les g\u00e9n\u00e9rations futures.<\/p>\n","protected":false},"excerpt":{"rendered":"<p>\u00c0 l\u2019occasion de la rentr\u00e9e litt\u00e9raire, un livre in\u00e9dit de Simone Veil, consacr\u00e9 \u00e0 la Shoah, sera publi\u00e9 pour la premi\u00e8re fois. Ce texte, longtemps rest\u00e9 cach\u00e9, r\u00e9v\u00e8le l&rsquo;engagement in\u00e9branlable de l\u2019ancienne ministre et survivante de la Shoah envers la m\u00e9moire des victimes de l&rsquo;Holocauste. Simone Veil, figure embl\u00e9matique de la lutte contre l\u2019oubli et [&hellip;]<\/p>\n","protected":false},"author":1,"featured_media":605,"comment_status":"closed","ping_status":"closed","sticky":false,"template":"","format":"standard","meta":{"_et_pb_use_builder":"off","_et_pb_old_content":"","_et_gb_content_width":"1080","om_disable_all_campaigns":false,"_monsterinsights_skip_tracking":false,"_monsterinsights_sitenote_active":false,"_monsterinsights_sitenote_note":"","_monsterinsights_sitenote_category":0,"footnotes":""},"categories":[1],"tags":[],"class_list":["post-604","post","type-post","status-publish","format-standard","has-post-thumbnail","hentry","category-blog"],"yoast_head":"<!-- This site is optimized with the Yoast SEO plugin v20.13 - https:\/\/yoast.com\/wordpress\/plugins\/seo\/ -->\n<title>Un ouvrage in\u00e9dit de Simone Veil sur la Shoah sera publi\u00e9 \u00e0 la rentr\u00e9e litt\u00e9raire - aloumim.com<\/title>\n<meta name=\"robots\" content=\"index, follow, max-snippet:-1, max-image-preview:large, max-video-preview:-1\" \/>\n<link rel=\"canonical\" href=\"https:\/\/aloumim.com\/index.php\/2024\/08\/26\/un-ouvrage-inedit-de-simone-veil-sur-la-shoah-sera-publie-a-la-rentree-litteraire\/\" \/>\n<meta property=\"og:locale\" content=\"fr_FR\" \/>\n<meta property=\"og:type\" content=\"article\" \/>\n<meta property=\"og:title\" content=\"Un ouvrage in\u00e9dit de Simone Veil sur la Shoah sera publi\u00e9 \u00e0 la rentr\u00e9e litt\u00e9raire - aloumim.com\" \/>\n<meta property=\"og:description\" content=\"\u00c0 l\u2019occasion de la rentr\u00e9e litt\u00e9raire, un livre in\u00e9dit de Simone Veil, consacr\u00e9 \u00e0 la Shoah, sera publi\u00e9 pour la premi\u00e8re fois. Ce texte, longtemps rest\u00e9 cach\u00e9, r\u00e9v\u00e8le l&rsquo;engagement in\u00e9branlable de l\u2019ancienne ministre et survivante de la Shoah envers la m\u00e9moire des victimes de l&rsquo;Holocauste. Simone Veil, figure embl\u00e9matique de la lutte contre l\u2019oubli et [&hellip;]\" \/>\n<meta property=\"og:url\" content=\"https:\/\/aloumim.com\/index.php\/2024\/08\/26\/un-ouvrage-inedit-de-simone-veil-sur-la-shoah-sera-publie-a-la-rentree-litteraire\/\" \/>\n<meta property=\"og:site_name\" content=\"aloumim.com\" \/>\n<meta property=\"article:published_time\" content=\"2024-08-26T14:04:40+00:00\" \/>\n<meta property=\"article:modified_time\" content=\"2024-08-26T14:06:13+00:00\" \/>\n<meta property=\"og:image\" content=\"http:\/\/aloumim.com\/wp-content\/uploads\/2024\/08\/bcf96396cae169d6db1daa4abe43152b49b3c9b7c14e179c33df76a9a85d13ad.webp\" \/>\n\t<meta property=\"og:image:width\" content=\"704\" \/>\n\t<meta property=\"og:image:height\" content=\"396\" \/>\n\t<meta property=\"og:image:type\" content=\"image\/webp\" \/>\n<meta name=\"author\" content=\"aloumim.com\" \/>\n<meta name=\"twitter:card\" content=\"summary_large_image\" \/>\n<meta name=\"twitter:label1\" content=\"\u00c9crit par\" \/>\n\t<meta name=\"twitter:data1\" content=\"aloumim.com\" \/>\n\t<meta name=\"twitter:label2\" content=\"Dur\u00e9e de lecture estim\u00e9e\" \/>\n\t<meta name=\"twitter:data2\" content=\"2 minutes\" \/>\n<script type=\"application\/ld+json\" class=\"yoast-schema-graph\">{\"@context\":\"https:\/\/schema.org\",\"@graph\":[{\"@type\":\"Article\",\"@id\":\"https:\/\/aloumim.com\/index.php\/2024\/08\/26\/un-ouvrage-inedit-de-simone-veil-sur-la-shoah-sera-publie-a-la-rentree-litteraire\/#article\",\"isPartOf\":{\"@id\":\"https:\/\/aloumim.com\/index.php\/2024\/08\/26\/un-ouvrage-inedit-de-simone-veil-sur-la-shoah-sera-publie-a-la-rentree-litteraire\/\"},\"author\":{\"name\":\"aloumim.com\",\"@id\":\"https:\/\/aloumim.com\/#\/schema\/person\/1e210bcaa48b45597528e561d137d67f\"},\"headline\":\"Un ouvrage in\u00e9dit de Simone Veil sur la Shoah sera publi\u00e9 \u00e0 la rentr\u00e9e litt\u00e9raire\",\"datePublished\":\"2024-08-26T14:04:40+00:00\",\"dateModified\":\"2024-08-26T14:06:13+00:00\",\"mainEntityOfPage\":{\"@id\":\"https:\/\/aloumim.com\/index.php\/2024\/08\/26\/un-ouvrage-inedit-de-simone-veil-sur-la-shoah-sera-publie-a-la-rentree-litteraire\/\"},\"wordCount\":411,\"publisher\":{\"@id\":\"https:\/\/aloumim.com\/#organization\"},\"articleSection\":[\"Blog\"],\"inLanguage\":\"fr-FR\"},{\"@type\":\"WebPage\",\"@id\":\"https:\/\/aloumim.com\/index.php\/2024\/08\/26\/un-ouvrage-inedit-de-simone-veil-sur-la-shoah-sera-publie-a-la-rentree-litteraire\/\",\"url\":\"https:\/\/aloumim.com\/index.php\/2024\/08\/26\/un-ouvrage-inedit-de-simone-veil-sur-la-shoah-sera-publie-a-la-rentree-litteraire\/\",\"name\":\"Un ouvrage in\u00e9dit de Simone Veil sur la Shoah sera publi\u00e9 \u00e0 la rentr\u00e9e litt\u00e9raire - aloumim.com\",\"isPartOf\":{\"@id\":\"https:\/\/aloumim.com\/#website\"},\"datePublished\":\"2024-08-26T14:04:40+00:00\",\"dateModified\":\"2024-08-26T14:06:13+00:00\",\"breadcrumb\":{\"@id\":\"https:\/\/aloumim.com\/index.php\/2024\/08\/26\/un-ouvrage-inedit-de-simone-veil-sur-la-shoah-sera-publie-a-la-rentree-litteraire\/#breadcrumb\"},\"inLanguage\":\"fr-FR\",\"potentialAction\":[{\"@type\":\"ReadAction\",\"target\":[\"https:\/\/aloumim.com\/index.php\/2024\/08\/26\/un-ouvrage-inedit-de-simone-veil-sur-la-shoah-sera-publie-a-la-rentree-litteraire\/\"]}]},{\"@type\":\"BreadcrumbList\",\"@id\":\"https:\/\/aloumim.com\/index.php\/2024\/08\/26\/un-ouvrage-inedit-de-simone-veil-sur-la-shoah-sera-publie-a-la-rentree-litteraire\/#breadcrumb\",\"itemListElement\":[{\"@type\":\"ListItem\",\"position\":1,\"name\":\"Accueil\",\"item\":\"https:\/\/aloumim.com\/\"},{\"@type\":\"ListItem\",\"position\":2,\"name\":\"Un ouvrage in\u00e9dit de Simone Veil sur la Shoah sera publi\u00e9 \u00e0 la rentr\u00e9e litt\u00e9raire\"}]},{\"@type\":\"WebSite\",\"@id\":\"https:\/\/aloumim.com\/#website\",\"url\":\"https:\/\/aloumim.com\/\",\"name\":\"aloumim.com\",\"description\":\"\",\"publisher\":{\"@id\":\"https:\/\/aloumim.com\/#organization\"},\"potentialAction\":[{\"@type\":\"SearchAction\",\"target\":{\"@type\":\"EntryPoint\",\"urlTemplate\":\"https:\/\/aloumim.com\/?s={search_term_string}\"},\"query-input\":\"required name=search_term_string\"}],\"inLanguage\":\"fr-FR\"},{\"@type\":\"Organization\",\"@id\":\"https:\/\/aloumim.com\/#organization\",\"name\":\"aloumim.com\",\"url\":\"https:\/\/aloumim.com\/\",\"logo\":{\"@type\":\"ImageObject\",\"inLanguage\":\"fr-FR\",\"@id\":\"https:\/\/aloumim.com\/#\/schema\/logo\/image\/\",\"url\":\"https:\/\/aloumim.com\/wp-content\/uploads\/2023\/08\/Group-38-1.png\",\"contentUrl\":\"https:\/\/aloumim.com\/wp-content\/uploads\/2023\/08\/Group-38-1.png\",\"width\":3756,\"height\":565,\"caption\":\"aloumim.com\"},\"image\":{\"@id\":\"https:\/\/aloumim.com\/#\/schema\/logo\/image\/\"}},{\"@type\":\"Person\",\"@id\":\"https:\/\/aloumim.com\/#\/schema\/person\/1e210bcaa48b45597528e561d137d67f\",\"name\":\"aloumim.com\",\"image\":{\"@type\":\"ImageObject\",\"inLanguage\":\"fr-FR\",\"@id\":\"https:\/\/aloumim.com\/#\/schema\/person\/image\/\",\"url\":\"https:\/\/secure.gravatar.com\/avatar\/8a9a2bcebdd0538655c317bed232bb1c1e5591764aa940825bd737732adb15e5?s=96&d=mm&r=g\",\"contentUrl\":\"https:\/\/secure.gravatar.com\/avatar\/8a9a2bcebdd0538655c317bed232bb1c1e5591764aa940825bd737732adb15e5?s=96&d=mm&r=g\",\"caption\":\"aloumim.com\"},\"sameAs\":[\"http:\/\/aloumim.com\"],\"url\":\"https:\/\/aloumim.com\/index.php\/author\/aloumim-com\/\"}]}<\/script>\n<!-- \/ Yoast SEO plugin. -->","yoast_head_json":{"title":"Un ouvrage in\u00e9dit de Simone Veil sur la Shoah sera publi\u00e9 \u00e0 la rentr\u00e9e litt\u00e9raire - aloumim.com","robots":{"index":"index","follow":"follow","max-snippet":"max-snippet:-1","max-image-preview":"max-image-preview:large","max-video-preview":"max-video-preview:-1"},"canonical":"https:\/\/aloumim.com\/index.php\/2024\/08\/26\/un-ouvrage-inedit-de-simone-veil-sur-la-shoah-sera-publie-a-la-rentree-litteraire\/","og_locale":"fr_FR","og_type":"article","og_title":"Un ouvrage in\u00e9dit de Simone Veil sur la Shoah sera publi\u00e9 \u00e0 la rentr\u00e9e litt\u00e9raire - aloumim.com","og_description":"\u00c0 l\u2019occasion de la rentr\u00e9e litt\u00e9raire, un livre in\u00e9dit de Simone Veil, consacr\u00e9 \u00e0 la Shoah, sera publi\u00e9 pour la premi\u00e8re fois. Ce texte, longtemps rest\u00e9 cach\u00e9, r\u00e9v\u00e8le l&rsquo;engagement in\u00e9branlable de l\u2019ancienne ministre et survivante de la Shoah envers la m\u00e9moire des victimes de l&rsquo;Holocauste. Simone Veil, figure embl\u00e9matique de la lutte contre l\u2019oubli et [&hellip;]","og_url":"https:\/\/aloumim.com\/index.php\/2024\/08\/26\/un-ouvrage-inedit-de-simone-veil-sur-la-shoah-sera-publie-a-la-rentree-litteraire\/","og_site_name":"aloumim.com","article_published_time":"2024-08-26T14:04:40+00:00","article_modified_time":"2024-08-26T14:06:13+00:00","og_image":[{"width":704,"height":396,"url":"http:\/\/aloumim.com\/wp-content\/uploads\/2024\/08\/bcf96396cae169d6db1daa4abe43152b49b3c9b7c14e179c33df76a9a85d13ad.webp","type":"image\/webp"}],"author":"aloumim.com","twitter_card":"summary_large_image","twitter_misc":{"\u00c9crit par":"aloumim.com","Dur\u00e9e de lecture estim\u00e9e":"2 minutes"},"schema":{"@context":"https:\/\/schema.org","@graph":[{"@type":"Article","@id":"https:\/\/aloumim.com\/index.php\/2024\/08\/26\/un-ouvrage-inedit-de-simone-veil-sur-la-shoah-sera-publie-a-la-rentree-litteraire\/#article","isPartOf":{"@id":"https:\/\/aloumim.com\/index.php\/2024\/08\/26\/un-ouvrage-inedit-de-simone-veil-sur-la-shoah-sera-publie-a-la-rentree-litteraire\/"},"author":{"name":"aloumim.com","@id":"https:\/\/aloumim.com\/#\/schema\/person\/1e210bcaa48b45597528e561d137d67f"},"headline":"Un ouvrage in\u00e9dit de Simone Veil sur la Shoah sera publi\u00e9 \u00e0 la rentr\u00e9e litt\u00e9raire","datePublished":"2024-08-26T14:04:40+00:00","dateModified":"2024-08-26T14:06:13+00:00","mainEntityOfPage":{"@id":"https:\/\/aloumim.com\/index.php\/2024\/08\/26\/un-ouvrage-inedit-de-simone-veil-sur-la-shoah-sera-publie-a-la-rentree-litteraire\/"},"wordCount":411,"publisher":{"@id":"https:\/\/aloumim.com\/#organization"},"articleSection":["Blog"],"inLanguage":"fr-FR"},{"@type":"WebPage","@id":"https:\/\/aloumim.com\/index.php\/2024\/08\/26\/un-ouvrage-inedit-de-simone-veil-sur-la-shoah-sera-publie-a-la-rentree-litteraire\/","url":"https:\/\/aloumim.com\/index.php\/2024\/08\/26\/un-ouvrage-inedit-de-simone-veil-sur-la-shoah-sera-publie-a-la-rentree-litteraire\/","name":"Un ouvrage in\u00e9dit de Simone Veil sur la Shoah sera publi\u00e9 \u00e0 la rentr\u00e9e litt\u00e9raire - aloumim.com","isPartOf":{"@id":"https:\/\/aloumim.com\/#website"},"datePublished":"2024-08-26T14:04:40+00:00","dateModified":"2024-08-26T14:06:13+00:00","breadcrumb":{"@id":"https:\/\/aloumim.com\/index.php\/2024\/08\/26\/un-ouvrage-inedit-de-simone-veil-sur-la-shoah-sera-publie-a-la-rentree-litteraire\/#breadcrumb"},"inLanguage":"fr-FR","potentialAction":[{"@type":"ReadAction","target":["https:\/\/aloumim.com\/index.php\/2024\/08\/26\/un-ouvrage-inedit-de-simone-veil-sur-la-shoah-sera-publie-a-la-rentree-litteraire\/"]}]},{"@type":"BreadcrumbList","@id":"https:\/\/aloumim.com\/index.php\/2024\/08\/26\/un-ouvrage-inedit-de-simone-veil-sur-la-shoah-sera-publie-a-la-rentree-litteraire\/#breadcrumb","itemListElement":[{"@type":"ListItem","position":1,"name":"Accueil","item":"https:\/\/aloumim.com\/"},{"@type":"ListItem","position":2,"name":"Un ouvrage in\u00e9dit de Simone Veil sur la Shoah sera publi\u00e9 \u00e0 la rentr\u00e9e litt\u00e9raire"}]},{"@type":"WebSite","@id":"https:\/\/aloumim.com\/#website","url":"https:\/\/aloumim.com\/","name":"aloumim.com","description":"","publisher":{"@id":"https:\/\/aloumim.com\/#organization"},"potentialAction":[{"@type":"SearchAction","target":{"@type":"EntryPoint","urlTemplate":"https:\/\/aloumim.com\/?s={search_term_string}"},"query-input":"required name=search_term_string"}],"inLanguage":"fr-FR"},{"@type":"Organization","@id":"https:\/\/aloumim.com\/#organization","name":"aloumim.com","url":"https:\/\/aloumim.com\/","logo":{"@type":"ImageObject","inLanguage":"fr-FR","@id":"https:\/\/aloumim.com\/#\/schema\/logo\/image\/","url":"https:\/\/aloumim.com\/wp-content\/uploads\/2023\/08\/Group-38-1.png","contentUrl":"https:\/\/aloumim.com\/wp-content\/uploads\/2023\/08\/Group-38-1.png","width":3756,"height":565,"caption":"aloumim.com"},"image":{"@id":"https:\/\/aloumim.com\/#\/schema\/logo\/image\/"}},{"@type":"Person","@id":"https:\/\/aloumim.com\/#\/schema\/person\/1e210bcaa48b45597528e561d137d67f","name":"aloumim.com","image":{"@type":"ImageObject","inLanguage":"fr-FR","@id":"https:\/\/aloumim.com\/#\/schema\/person\/image\/","url":"https:\/\/secure.gravatar.com\/avatar\/8a9a2bcebdd0538655c317bed232bb1c1e5591764aa940825bd737732adb15e5?s=96&d=mm&r=g","contentUrl":"https:\/\/secure.gravatar.com\/avatar\/8a9a2bcebdd0538655c317bed232bb1c1e5591764aa940825bd737732adb15e5?s=96&d=mm&r=g","caption":"aloumim.com"},"sameAs":["http:\/\/aloumim.com"],"url":"https:\/\/aloumim.com\/index.php\/author\/aloumim-com\/"}]}},"jetpack_featured_media_url":"https:\/\/aloumim.com\/wp-content\/uploads\/2024\/08\/bcf96396cae169d6db1daa4abe43152b49b3c9b7c14e179c33df76a9a85d13ad.webp","_links":{"self":[{"href":"https:\/\/aloumim.com\/index.php\/wp-json\/wp\/v2\/posts\/604","targetHints":{"allow":["GET"]}}],"collection":[{"href":"https:\/\/aloumim.com\/index.php\/wp-json\/wp\/v2\/posts"}],"about":[{"href":"https:\/\/aloumim.com\/index.php\/wp-json\/wp\/v2\/types\/post"}],"author":[{"embeddable":true,"href":"https:\/\/aloumim.com\/index.php\/wp-json\/wp\/v2\/users\/1"}],"replies":[{"embeddable":true,"href":"https:\/\/aloumim.com\/index.php\/wp-json\/wp\/v2\/comments?post=604"}],"version-history":[{"count":2,"href":"https:\/\/aloumim.com\/index.php\/wp-json\/wp\/v2\/posts\/604\/revisions"}],"predecessor-version":[{"id":685,"href":"https:\/\/aloumim.com\/index.php\/wp-json\/wp\/v2\/posts\/604\/revisions\/685"}],"wp:featuredmedia":[{"embeddable":true,"href":"https:\/\/aloumim.com\/index.php\/wp-json\/wp\/v2\/media\/605"}],"wp:attachment":[{"href":"https:\/\/aloumim.com\/index.php\/wp-json\/wp\/v2\/media?parent=604"}],"wp:term":[{"taxonomy":"category","embeddable":true,"href":"https:\/\/aloumim.com\/index.php\/wp-json\/wp\/v2\/categories?post=604"},{"taxonomy":"post_tag","embeddable":true,"href":"https:\/\/aloumim.com\/index.php\/wp-json\/wp\/v2\/tags?post=604"}],"curies":[{"name":"wp","href":"https:\/\/api.w.org\/{rel}","templated":true}]}}